{"id":35861,"date":"2016-09-26T05:20:59","date_gmt":"2016-09-26T03:20:59","guid":{"rendered":"http:\/\/burg.azurewebsites.net\/?p=35861"},"modified":"2016-09-26T05:20:59","modified_gmt":"2016-09-26T03:20:59","slug":"des-racines-et-des-ailes","status":"publish","type":"post","link":"http:\/\/burg.azurewebsites.net\/?p=35861","title":{"rendered":"Des racines et des ailes"},"content":{"rendered":"<div class=\"pw-hidden-cp\" style=\"text-align: center;\"><a href=\"http:\/\/burg.azurewebsites.net\/wp-content\/uploads\/2016\/09\/Pommiers-DSC00539.jpg\" target=\"_blank\"><img loading=\"lazy\" class=\"aligncenter wp-image-35871 size-full\" src=\"http:\/\/burg.azurewebsites.net\/wp-content\/uploads\/2016\/09\/Pommiers-DSC00539.jpg\" alt=\"pommiers-dsc00539\" width=\"1421\" height=\"800\" srcset=\"http:\/\/burg.azurewebsites.net\/wp-content\/uploads\/2016\/09\/Pommiers-DSC00539.jpg 1421w, http:\/\/burg.azurewebsites.net\/wp-content\/uploads\/2016\/09\/Pommiers-DSC00539-300x169.jpg 300w, http:\/\/burg.azurewebsites.net\/wp-content\/uploads\/2016\/09\/Pommiers-DSC00539-768x432.jpg 768w, http:\/\/burg.azurewebsites.net\/wp-content\/uploads\/2016\/09\/Pommiers-DSC00539-1024x576.jpg 1024w, http:\/\/burg.azurewebsites.net\/wp-content\/uploads\/2016\/09\/Pommiers-DSC00539-600x338.jpg 600w\" sizes=\"(max-width: 1421px) 100vw, 1421px\" \/><\/a><\/div>\n<div class=\"pw-hidden-cp\" style=\"text-align: center;\"><\/div>\n<div class=\"pw-hidden-cp\" style=\"text-align: center;\">\u00ab\u00a0Chaque arbre est le symbole vivant de la paix et de l\u2019espoir.<\/div>\n<div class=\"pw-hidden-cp\" style=\"text-align: center;\">Avec ses racines profond\u00e9ment ancr\u00e9es dans la terre et ses branches qui s\u2019\u00e9lancent vers le ciel,<\/div>\n<div class=\"pw-hidden-cp\" style=\"text-align: center;\">il nous dit que pour aspirer \u00e0 aller toujours plus haut,<\/div>\n<div class=\"pw-hidden-cp\" style=\"text-align: center;\">nous aussi nous devons \u00eatre bien enracin\u00e9s au sol<\/div>\n<div class=\"pw-hidden-cp\" style=\"text-align: center;\">car, aussi haut que nous nous \u00e9lancions,<\/div>\n<div class=\"pw-hidden-cp\" style=\"text-align: center;\">c\u2019est toujours de nos racines que nous puisons notre force.\u00a0\u00bb<br \/>\nWangari Maathai<\/div>\n<div class=\"pw-hidden-cp\" style=\"text-align: center;\"><\/div>\n","protected":false},"excerpt":{"rendered":"<p>\u00ab\u00a0Chaque arbre est le symbole vivant de la paix et de l\u2019espoir. Avec ses racines profond\u00e9ment ancr\u00e9es dans la terre et ses branches qui s\u2019\u00e9lancent vers le ciel, il nous dit que pour aspirer \u00e0 aller toujours plus haut, nous aussi nous devons \u00eatre bien enracin\u00e9s au sol car, aussi haut que nous nous \u00e9lancions,&#8230; <\/p>\n<div class=\"read-more navbutton\"><a href=\"http:\/\/burg.azurewebsites.net\/?p=35861\">Lire la suite<i class=\"fa fa-angle-double-right\"><\/i><\/a><\/div>\n","protected":false},"author":11,"featured_media":0,"comment_status":"open","ping_status":"closed","sticky":false,"template":"","format":"image","meta":[],"categories":[121],"tags":[],"_links":{"self":[{"href":"http:\/\/burg.azurewebsites.net\/index.php?rest_route=\/wp\/v2\/posts\/35861"}],"collection":[{"href":"http:\/\/burg.azurewebsites.net\/index.php?rest_route=\/wp\/v2\/posts"}],"about":[{"href":"http:\/\/burg.azurewebsites.net\/index.php?rest_route=\/wp\/v2\/types\/post"}],"author":[{"embeddable":true,"href":"http:\/\/burg.azurewebsites.net\/index.php?rest_route=\/wp\/v2\/users\/11"}],"replies":[{"embeddable":true,"href":"http:\/\/burg.azurewebsites.net\/index.php?rest_route=%2Fwp%2Fv2%2Fcomments&post=35861"}],"version-history":[{"count":1,"href":"http:\/\/burg.azurewebsites.net\/index.php?rest_route=\/wp\/v2\/posts\/35861\/revisions"}],"predecessor-version":[{"id":35881,"href":"http:\/\/burg.azurewebsites.net\/index.php?rest_route=\/wp\/v2\/posts\/35861\/revisions\/35881"}],"wp:attachment":[{"href":"http:\/\/burg.azurewebsites.net\/index.php?rest_route=%2Fwp%2Fv2%2Fmedia&parent=35861"}],"wp:term":[{"taxonomy":"category","embeddable":true,"href":"http:\/\/burg.azurewebsites.net\/index.php?rest_route=%2Fwp%2Fv2%2Fcategories&post=35861"},{"taxonomy":"post_tag","embeddable":true,"href":"http:\/\/burg.azurewebsites.net\/index.php?rest_route=%2Fwp%2Fv2%2Ftags&post=35861"}],"curies":[{"name":"wp","href":"https:\/\/api.w.org\/{rel}","templated":true}]}}