{"id":12621,"date":"2015-01-24T18:53:28","date_gmt":"2015-01-24T16:53:28","guid":{"rendered":"http:\/\/burg.azurewebsites.net\/?p=12621"},"modified":"2015-01-25T01:03:07","modified_gmt":"2015-01-24T23:03:07","slug":"refleuriront-ils","status":"publish","type":"post","link":"https:\/\/burg.azurewebsites.net\/?p=12621","title":{"rendered":"Refleuriront-ils ?"},"content":{"rendered":"<p style=\"text-align: center;\"><a href=\"http:\/\/burg.azurewebsites.net\/wp-content\/uploads\/2015\/01\/Sengern-Arbres-droits-et-Arbres-penches-DSC03187.jpg\" target=\"_blank\"><img loading=\"lazy\" class=\"aligncenter wp-image-12631 size-full\" src=\"http:\/\/burg.azurewebsites.net\/wp-content\/uploads\/2015\/01\/Sengern-Arbres-droits-et-Arbres-penches-DSC03187.jpg\" alt=\"Sengern - Arbres, droits et Arbres penches DSC03187\" width=\"486\" height=\"730\" srcset=\"https:\/\/burg.azurewebsites.net\/wp-content\/uploads\/2015\/01\/Sengern-Arbres-droits-et-Arbres-penches-DSC03187.jpg 486w, https:\/\/burg.azurewebsites.net\/wp-content\/uploads\/2015\/01\/Sengern-Arbres-droits-et-Arbres-penches-DSC03187-199x300.jpg 199w\" sizes=\"(max-width: 486px) 100vw, 486px\" \/><\/a><\/p>\n<p style=\"text-align: center;\">Aucun hiver aussi rigoureux soit-il ne pourra emp\u00eacher le retour du printemps.<\/p>\n<p style=\"text-align: center;\">Mais\u00a0certains ne verront plus leurs branches refleurir.<\/p>\n<p style=\"text-align: center;\">Temps du retour\u00a0\u00e0 la terre, temps du repos \u00e9ternel.<\/p>\n<p style=\"text-align: center;\">&#8212;&#8212;<\/p>\n<p style=\"text-align: center;\">\u00ab\u00a0Comme un velours<br \/>\ns\u2019invite le paradis des pentes \u00e9tincelantes<br \/>\ntout enivr\u00e9es de leur blancheur<br \/>\net les branches nues se drapent d\u2019une brume tr\u00e8s douce<br \/>\no\u00f9 d\u00e9j\u00e0 r\u00eave le printemps\u00a0\u00bb<\/p>\n<p style=\"text-align: center;\"><a href=\"https:\/\/kristelsaintcyr.wordpress.com\/\" target=\"_blank\">kristel.saintcyr<\/a><\/p>\n","protected":false},"excerpt":{"rendered":"<p>Aucun hiver aussi rigoureux soit-il ne pourra emp\u00eacher le retour du printemps. Mais\u00a0certains ne verront plus leurs branches refleurir. Temps du retour\u00a0\u00e0 la terre, temps du repos \u00e9ternel. &#8212;&#8212; \u00ab\u00a0Comme un velours s\u2019invite le paradis des pentes \u00e9tincelantes tout enivr\u00e9es de leur blancheur et les branches nues se drapent d\u2019une brume tr\u00e8s douce o\u00f9 d\u00e9j\u00e0&#8230; <\/p>\n<div class=\"read-more navbutton\"><a href=\"https:\/\/burg.azurewebsites.net\/?p=12621\">Lire la suite<i class=\"fa fa-angle-double-right\"><\/i><\/a><\/div>\n","protected":false},"author":11,"featured_media":0,"comment_status":"open","ping_status":"closed","sticky":false,"template":"","format":"image","meta":[],"categories":[231],"tags":[1951],"_links":{"self":[{"href":"https:\/\/burg.azurewebsites.net\/index.php?rest_route=\/wp\/v2\/posts\/12621"}],"collection":[{"href":"https:\/\/burg.azurewebsites.net\/index.php?rest_route=\/wp\/v2\/posts"}],"about":[{"href":"https:\/\/burg.azurewebsites.net\/index.php?rest_route=\/wp\/v2\/types\/post"}],"author":[{"embeddable":true,"href":"https:\/\/burg.azurewebsites.net\/index.php?rest_route=\/wp\/v2\/users\/11"}],"replies":[{"embeddable":true,"href":"https:\/\/burg.azurewebsites.net\/index.php?rest_route=%2Fwp%2Fv2%2Fcomments&post=12621"}],"version-history":[{"count":4,"href":"https:\/\/burg.azurewebsites.net\/index.php?rest_route=\/wp\/v2\/posts\/12621\/revisions"}],"predecessor-version":[{"id":12681,"href":"https:\/\/burg.azurewebsites.net\/index.php?rest_route=\/wp\/v2\/posts\/12621\/revisions\/12681"}],"wp:attachment":[{"href":"https:\/\/burg.azurewebsites.net\/index.php?rest_route=%2Fwp%2Fv2%2Fmedia&parent=12621"}],"wp:term":[{"taxonomy":"category","embeddable":true,"href":"https:\/\/burg.azurewebsites.net\/index.php?rest_route=%2Fwp%2Fv2%2Fcategories&post=12621"},{"taxonomy":"post_tag","embeddable":true,"href":"https:\/\/burg.azurewebsites.net\/index.php?rest_route=%2Fwp%2Fv2%2Ftags&post=12621"}],"curies":[{"name":"wp","href":"https:\/\/api.w.org\/{rel}","templated":true}]}}