{"id":14481,"date":"2015-02-19T04:30:26","date_gmt":"2015-02-19T02:30:26","guid":{"rendered":"http:\/\/burg.azurewebsites.net\/?p=14481"},"modified":"2015-02-19T04:30:26","modified_gmt":"2015-02-19T02:30:26","slug":"preparer-le-futur-millesime","status":"publish","type":"post","link":"https:\/\/burg.azurewebsites.net\/?p=14481","title":{"rendered":"Pr\u00e9parer le futur mill\u00e9sime"},"content":{"rendered":"<p style=\"text-align: center;\"><a href=\"http:\/\/burg.azurewebsites.net\/wp-content\/uploads\/2015\/02\/taille-de-la-vigne-1-DSC00804.jpg\" target=\"_blank\"><img loading=\"lazy\" class=\"aligncenter wp-image-14531 size-full\" src=\"http:\/\/burg.azurewebsites.net\/wp-content\/uploads\/2015\/02\/taille-de-la-vigne-1-DSC00804.jpg\" alt=\"taille de la vigne (1) DSC00804\" width=\"1000\" height=\"667\" srcset=\"https:\/\/burg.azurewebsites.net\/wp-content\/uploads\/2015\/02\/taille-de-la-vigne-1-DSC00804.jpg 1000w, https:\/\/burg.azurewebsites.net\/wp-content\/uploads\/2015\/02\/taille-de-la-vigne-1-DSC00804-300x200.jpg 300w, https:\/\/burg.azurewebsites.net\/wp-content\/uploads\/2015\/02\/taille-de-la-vigne-1-DSC00804-600x400.jpg 600w\" sizes=\"(max-width: 1000px) 100vw, 1000px\" \/><\/a><\/p>\n<p style=\"text-align: center;\">Avant l&rsquo;arriv\u00e9e du printemps, tailler encore et encore.<\/p>\n<p style=\"text-align: center;\"><a href=\"http:\/\/burg.azurewebsites.net\/wp-content\/uploads\/2015\/02\/taille-de-la-vigne-2-DSC00803.jpg\" target=\"_blank\"><img loading=\"lazy\" class=\"aligncenter wp-image-14541 size-full\" src=\"http:\/\/burg.azurewebsites.net\/wp-content\/uploads\/2015\/02\/taille-de-la-vigne-2-DSC00803.jpg\" alt=\"taille de la vigne (2) DSC00803\" width=\"1100\" height=\"734\" srcset=\"https:\/\/burg.azurewebsites.net\/wp-content\/uploads\/2015\/02\/taille-de-la-vigne-2-DSC00803.jpg 1100w, https:\/\/burg.azurewebsites.net\/wp-content\/uploads\/2015\/02\/taille-de-la-vigne-2-DSC00803-300x200.jpg 300w, https:\/\/burg.azurewebsites.net\/wp-content\/uploads\/2015\/02\/taille-de-la-vigne-2-DSC00803-1024x683.jpg 1024w, https:\/\/burg.azurewebsites.net\/wp-content\/uploads\/2015\/02\/taille-de-la-vigne-2-DSC00803-600x400.jpg 600w\" sizes=\"(max-width: 1100px) 100vw, 1100px\" \/><\/a><\/p>\n<p style=\"text-align: center;\">Bient\u00f4t viendra le d\u00e9bourrement<\/p>\n<p style=\"text-align: center;\"><a href=\"http:\/\/burg.azurewebsites.net\/wp-content\/uploads\/2015\/02\/taille-de-la-vigne-DSC00795.jpg\" target=\"_blank\"><img loading=\"lazy\" class=\"aligncenter wp-image-14491 size-full\" src=\"http:\/\/burg.azurewebsites.net\/wp-content\/uploads\/2015\/02\/taille-de-la-vigne-DSC00795.jpg\" alt=\"taille de la vigne - DSC00795\" width=\"1100\" height=\"620\" srcset=\"https:\/\/burg.azurewebsites.net\/wp-content\/uploads\/2015\/02\/taille-de-la-vigne-DSC00795.jpg 1100w, https:\/\/burg.azurewebsites.net\/wp-content\/uploads\/2015\/02\/taille-de-la-vigne-DSC00795-300x169.jpg 300w, https:\/\/burg.azurewebsites.net\/wp-content\/uploads\/2015\/02\/taille-de-la-vigne-DSC00795-1024x577.jpg 1024w, https:\/\/burg.azurewebsites.net\/wp-content\/uploads\/2015\/02\/taille-de-la-vigne-DSC00795-600x338.jpg 600w\" sizes=\"(max-width: 1100px) 100vw, 1100px\" \/><\/a><\/p>\n<p style=\"text-align: center;\">et la vigne reprendra de plus belle.<\/p>\n<p style=\"text-align: center;\">&#8212;&#8212;<\/p>\n<p style=\"text-align: center;\">Merci aux ouvriers des <a href=\"http:\/\/www.domaines-schlumberger.fr\/legende-et-histoire-du-kitterle%20\" target=\"_blank\">Domaines Schlumberger<\/a>\u00a0pour leur autorisation \u00e0 les\u00a0photographier en plein travail.<\/p>\n","protected":false},"excerpt":{"rendered":"<p>Avant l&rsquo;arriv\u00e9e du printemps, tailler encore et encore. Bient\u00f4t viendra le d\u00e9bourrement et la vigne reprendra de plus belle. &#8212;&#8212; Merci aux ouvriers des Domaines Schlumberger\u00a0pour leur autorisation \u00e0 les\u00a0photographier en plein travail.<\/p>\n","protected":false},"author":11,"featured_media":0,"comment_status":"open","ping_status":"closed","sticky":false,"template":"","format":"image","meta":[],"categories":[251,221,231],"tags":[3171,3151,3161,1831],"_links":{"self":[{"href":"https:\/\/burg.azurewebsites.net\/index.php?rest_route=\/wp\/v2\/posts\/14481"}],"collection":[{"href":"https:\/\/burg.azurewebsites.net\/index.php?rest_route=\/wp\/v2\/posts"}],"about":[{"href":"https:\/\/burg.azurewebsites.net\/index.php?rest_route=\/wp\/v2\/types\/post"}],"author":[{"embeddable":true,"href":"https:\/\/burg.azurewebsites.net\/index.php?rest_route=\/wp\/v2\/users\/11"}],"replies":[{"embeddable":true,"href":"https:\/\/burg.azurewebsites.net\/index.php?rest_route=%2Fwp%2Fv2%2Fcomments&post=14481"}],"version-history":[{"count":2,"href":"https:\/\/burg.azurewebsites.net\/index.php?rest_route=\/wp\/v2\/posts\/14481\/revisions"}],"predecessor-version":[{"id":14561,"href":"https:\/\/burg.azurewebsites.net\/index.php?rest_route=\/wp\/v2\/posts\/14481\/revisions\/14561"}],"wp:attachment":[{"href":"https:\/\/burg.azurewebsites.net\/index.php?rest_route=%2Fwp%2Fv2%2Fmedia&parent=14481"}],"wp:term":[{"taxonomy":"category","embeddable":true,"href":"https:\/\/burg.azurewebsites.net\/index.php?rest_route=%2Fwp%2Fv2%2Fcategories&post=14481"},{"taxonomy":"post_tag","embeddable":true,"href":"https:\/\/burg.azurewebsites.net\/index.php?rest_route=%2Fwp%2Fv2%2Ftags&post=14481"}],"curies":[{"name":"wp","href":"https:\/\/api.w.org\/{rel}","templated":true}]}}