{"id":14611,"date":"2015-02-21T23:39:43","date_gmt":"2015-02-21T21:39:43","guid":{"rendered":"http:\/\/burg.azurewebsites.net\/?p=14611"},"modified":"2015-08-28T17:32:22","modified_gmt":"2015-08-28T15:32:22","slug":"cheveux-au-vent","status":"publish","type":"post","link":"https:\/\/burg.azurewebsites.net\/?p=14611","title":{"rendered":"Cheveux au vent"},"content":{"rendered":"<p style=\"text-align: center;\"><a href=\"http:\/\/burg.azurewebsites.net\/wp-content\/uploads\/2015\/02\/Cheveux-au-vent-DSC01068.jpg\" target=\"_blank\"><img loading=\"lazy\" class=\"aligncenter wp-image-14621 size-full\" src=\"http:\/\/burg.azurewebsites.net\/wp-content\/uploads\/2015\/02\/Cheveux-au-vent-DSC01068.jpg\" alt=\"Cheveux au vent - DSC01068\" width=\"1200\" height=\"675\" srcset=\"https:\/\/burg.azurewebsites.net\/wp-content\/uploads\/2015\/02\/Cheveux-au-vent-DSC01068.jpg 1200w, https:\/\/burg.azurewebsites.net\/wp-content\/uploads\/2015\/02\/Cheveux-au-vent-DSC01068-300x168.jpg 300w, https:\/\/burg.azurewebsites.net\/wp-content\/uploads\/2015\/02\/Cheveux-au-vent-DSC01068-1024x576.jpg 1024w, https:\/\/burg.azurewebsites.net\/wp-content\/uploads\/2015\/02\/Cheveux-au-vent-DSC01068-600x337.jpg 600w\" sizes=\"(max-width: 1200px) 100vw, 1200px\" \/><\/a><\/p>\n<p style=\"text-align: center;\">Les herbes folles chatouillent les pieds de vigne., dansent gaiement\u00a0au son\u00a0du vent.<\/p>\n<p style=\"text-align: center;\">&#8212;&#8212;<\/p>\n<p style=\"text-align: center;\">\u201cLe vent dans tes cheveux blonds<br \/>\nLe soleil \u00e0 l\u2019horizon<br \/>\nQuelques mots d\u2019une chanson<br \/>\nQue c\u2019est beau, c\u2019est beau la vie\u201d<\/p>\n<p style=\"text-align: center;\">Ferrat<\/p>\n<p style=\"text-align: center;\">(\u00a0Vers d\u00e9couverts gr\u00e2ce au commentaire ci-dessous post\u00e9 par\u00a0<a href=\"http:\/\/almanito.over-blog.com\/\" target=\"_blank\">Almanito<\/a>)<\/p>\n","protected":false},"excerpt":{"rendered":"<p>Les herbes folles chatouillent les pieds de vigne., dansent gaiement\u00a0au son\u00a0du vent. &#8212;&#8212; \u201cLe vent dans tes cheveux blonds Le soleil \u00e0 l\u2019horizon Quelques mots d\u2019une chanson Que c\u2019est beau, c\u2019est beau la vie\u201d Ferrat (\u00a0Vers d\u00e9couverts gr\u00e2ce au commentaire ci-dessous post\u00e9 par\u00a0Almanito)<\/p>\n","protected":false},"author":11,"featured_media":0,"comment_status":"open","ping_status":"closed","sticky":false,"template":"","format":"image","meta":[],"categories":[121,231],"tags":[1831],"_links":{"self":[{"href":"https:\/\/burg.azurewebsites.net\/index.php?rest_route=\/wp\/v2\/posts\/14611"}],"collection":[{"href":"https:\/\/burg.azurewebsites.net\/index.php?rest_route=\/wp\/v2\/posts"}],"about":[{"href":"https:\/\/burg.azurewebsites.net\/index.php?rest_route=\/wp\/v2\/types\/post"}],"author":[{"embeddable":true,"href":"https:\/\/burg.azurewebsites.net\/index.php?rest_route=\/wp\/v2\/users\/11"}],"replies":[{"embeddable":true,"href":"https:\/\/burg.azurewebsites.net\/index.php?rest_route=%2Fwp%2Fv2%2Fcomments&post=14611"}],"version-history":[{"count":9,"href":"https:\/\/burg.azurewebsites.net\/index.php?rest_route=\/wp\/v2\/posts\/14611\/revisions"}],"predecessor-version":[{"id":20571,"href":"https:\/\/burg.azurewebsites.net\/index.php?rest_route=\/wp\/v2\/posts\/14611\/revisions\/20571"}],"wp:attachment":[{"href":"https:\/\/burg.azurewebsites.net\/index.php?rest_route=%2Fwp%2Fv2%2Fmedia&parent=14611"}],"wp:term":[{"taxonomy":"category","embeddable":true,"href":"https:\/\/burg.azurewebsites.net\/index.php?rest_route=%2Fwp%2Fv2%2Fcategories&post=14611"},{"taxonomy":"post_tag","embeddable":true,"href":"https:\/\/burg.azurewebsites.net\/index.php?rest_route=%2Fwp%2Fv2%2Ftags&post=14611"}],"curies":[{"name":"wp","href":"https:\/\/api.w.org\/{rel}","templated":true}]}}