{"id":15141,"date":"2015-02-28T01:36:28","date_gmt":"2015-02-27T23:36:28","guid":{"rendered":"http:\/\/burg.azurewebsites.net\/?p=15141"},"modified":"2015-02-28T01:36:28","modified_gmt":"2015-02-27T23:36:28","slug":"les-lanternes-1","status":"publish","type":"post","link":"https:\/\/burg.azurewebsites.net\/?p=15141","title":{"rendered":"Les lanternes (1)"},"content":{"rendered":"<p><a href=\"http:\/\/burg.azurewebsites.net\/wp-content\/uploads\/2015\/02\/Basel-Place-de-la-Cathedrale-DSC01305.jpg\" target=\"_blank\"><img loading=\"lazy\" class=\"aligncenter wp-image-15151 size-full\" src=\"http:\/\/burg.azurewebsites.net\/wp-content\/uploads\/2015\/02\/Basel-Place-de-la-Cathedrale-DSC01305.jpg\" alt=\"Basel - Place de la Cathedrale - DSC01305\" width=\"1200\" height=\"675\" srcset=\"https:\/\/burg.azurewebsites.net\/wp-content\/uploads\/2015\/02\/Basel-Place-de-la-Cathedrale-DSC01305.jpg 1200w, https:\/\/burg.azurewebsites.net\/wp-content\/uploads\/2015\/02\/Basel-Place-de-la-Cathedrale-DSC01305-300x168.jpg 300w, https:\/\/burg.azurewebsites.net\/wp-content\/uploads\/2015\/02\/Basel-Place-de-la-Cathedrale-DSC01305-1024x576.jpg 1024w, https:\/\/burg.azurewebsites.net\/wp-content\/uploads\/2015\/02\/Basel-Place-de-la-Cathedrale-DSC01305-600x337.jpg 600w\" sizes=\"(max-width: 1200px) 100vw, 1200px\" \/><\/a><\/p>\n<p style=\"text-align: center;\">\u00c0 B\u00e2le sur la place de la Cath\u00e9drale<\/p>\n<p style=\"text-align: center;\"><a href=\"http:\/\/burg.azurewebsites.net\/wp-content\/uploads\/2015\/02\/Lanterne-les-pieds-Basel-DSC01298.jpg\" target=\"_blank\"><img loading=\"lazy\" class=\"aligncenter wp-image-15161 size-full\" src=\"http:\/\/burg.azurewebsites.net\/wp-content\/uploads\/2015\/02\/Lanterne-les-pieds-Basel-DSC01298.jpg\" alt=\"Lanterne - les pieds - Basel - DSC01298\" width=\"1200\" height=\"675\" srcset=\"https:\/\/burg.azurewebsites.net\/wp-content\/uploads\/2015\/02\/Lanterne-les-pieds-Basel-DSC01298.jpg 1200w, https:\/\/burg.azurewebsites.net\/wp-content\/uploads\/2015\/02\/Lanterne-les-pieds-Basel-DSC01298-300x168.jpg 300w, https:\/\/burg.azurewebsites.net\/wp-content\/uploads\/2015\/02\/Lanterne-les-pieds-Basel-DSC01298-1024x576.jpg 1024w, https:\/\/burg.azurewebsites.net\/wp-content\/uploads\/2015\/02\/Lanterne-les-pieds-Basel-DSC01298-600x337.jpg 600w\" sizes=\"(max-width: 1200px) 100vw, 1200px\" \/><\/a><\/p>\n<p style=\"text-align: center;\">Pieds d&rsquo;artistes<\/p>\n<p style=\"text-align: center;\">\n<p style=\"text-align: center;\"><a href=\"http:\/\/burg.azurewebsites.net\/wp-content\/uploads\/2015\/02\/Lanterne-les-pieds-Basel-DSC01298.jpg\">\u00a0<\/a><\/p>\n","protected":false},"excerpt":{"rendered":"<p>\u00c0 B\u00e2le sur la place de la Cath\u00e9drale Pieds d&rsquo;artistes \u00a0<\/p>\n","protected":false},"author":11,"featured_media":0,"comment_status":"open","ping_status":"closed","sticky":false,"template":"","format":"image","meta":[],"categories":[1],"tags":[3251,3261],"_links":{"self":[{"href":"https:\/\/burg.azurewebsites.net\/index.php?rest_route=\/wp\/v2\/posts\/15141"}],"collection":[{"href":"https:\/\/burg.azurewebsites.net\/index.php?rest_route=\/wp\/v2\/posts"}],"about":[{"href":"https:\/\/burg.azurewebsites.net\/index.php?rest_route=\/wp\/v2\/types\/post"}],"author":[{"embeddable":true,"href":"https:\/\/burg.azurewebsites.net\/index.php?rest_route=\/wp\/v2\/users\/11"}],"replies":[{"embeddable":true,"href":"https:\/\/burg.azurewebsites.net\/index.php?rest_route=%2Fwp%2Fv2%2Fcomments&post=15141"}],"version-history":[{"count":1,"href":"https:\/\/burg.azurewebsites.net\/index.php?rest_route=\/wp\/v2\/posts\/15141\/revisions"}],"predecessor-version":[{"id":15171,"href":"https:\/\/burg.azurewebsites.net\/index.php?rest_route=\/wp\/v2\/posts\/15141\/revisions\/15171"}],"wp:attachment":[{"href":"https:\/\/burg.azurewebsites.net\/index.php?rest_route=%2Fwp%2Fv2%2Fmedia&parent=15141"}],"wp:term":[{"taxonomy":"category","embeddable":true,"href":"https:\/\/burg.azurewebsites.net\/index.php?rest_route=%2Fwp%2Fv2%2Fcategories&post=15141"},{"taxonomy":"post_tag","embeddable":true,"href":"https:\/\/burg.azurewebsites.net\/index.php?rest_route=%2Fwp%2Fv2%2Ftags&post=15141"}],"curies":[{"name":"wp","href":"https:\/\/api.w.org\/{rel}","templated":true}]}}