{"id":18971,"date":"2015-07-12T14:24:45","date_gmt":"2015-07-12T12:24:45","guid":{"rendered":"http:\/\/burg.azurewebsites.net\/?p=18971"},"modified":"2015-07-13T00:29:47","modified_gmt":"2015-07-12T22:29:47","slug":"les-trois-graces","status":"publish","type":"post","link":"https:\/\/burg.azurewebsites.net\/?p=18971","title":{"rendered":"Les trois gr\u00e2ces"},"content":{"rendered":"<p style=\"text-align: center;\">Euphrosyne, Thalie\u00a0et Agla\u00e9,<\/p>\n<p style=\"text-align: center;\">trois musiciennes qui personnifient \u00e0 merveilles la beaut\u00e9 et la gr\u00e2ce.<\/p>\n<p style=\"text-align: center;\">De leurs doigts agiles, au piano, au violoncelle et au violon, elles tissent de merveilleuses robes d&rsquo;harmonie.<\/p>\n<p style=\"text-align: center;\">Si elles passent dans votre r\u00e9gion, allez les \u00e9couter ! Vous ne le regretterez pas.<\/p>\n<p style=\"text-align: center;\"><a href=\"http:\/\/burg.azurewebsites.net\/wp-content\/uploads\/2015\/07\/DSC08146.jpg\" target=\"_blank\"><img loading=\"lazy\" class=\"aligncenter wp-image-18981 size-full\" src=\"http:\/\/burg.azurewebsites.net\/wp-content\/uploads\/2015\/07\/DSC08146.jpg\" alt=\"DSC08146\" width=\"1331\" height=\"750\" srcset=\"https:\/\/burg.azurewebsites.net\/wp-content\/uploads\/2015\/07\/DSC08146.jpg 1331w, https:\/\/burg.azurewebsites.net\/wp-content\/uploads\/2015\/07\/DSC08146-300x169.jpg 300w, https:\/\/burg.azurewebsites.net\/wp-content\/uploads\/2015\/07\/DSC08146-1024x577.jpg 1024w, https:\/\/burg.azurewebsites.net\/wp-content\/uploads\/2015\/07\/DSC08146-600x338.jpg 600w\" sizes=\"(max-width: 1331px) 100vw, 1331px\" \/><\/a><\/p>\n<p style=\"text-align: center;\">Photo prise au concert du samedi 11 juillet 2015<\/p>\n<p style=\"text-align: center;\">Festival de Colmar &#8211; Le \u00ab\u00a0Off\u00a0\u00bb<\/p>\n<p style=\"text-align: center;\">De gauche \u00e0 droite : Vjola Paco (pianiste) &#8211; Albana Karaj (violoncelliste) &#8211; Gerta Alla (Violoniste)<\/p>\n","protected":false},"excerpt":{"rendered":"<p>Euphrosyne, Thalie\u00a0et Agla\u00e9, trois musiciennes qui personnifient \u00e0 merveilles la beaut\u00e9 et la gr\u00e2ce. De leurs doigts agiles, au piano, au violoncelle et au violon, elles tissent de merveilleuses robes d&rsquo;harmonie. Si elles passent dans votre r\u00e9gion, allez les \u00e9couter ! Vous ne le regretterez pas. Photo prise au concert du samedi 11 juillet 2015&#8230; <\/p>\n<div class=\"read-more navbutton\"><a href=\"https:\/\/burg.azurewebsites.net\/?p=18971\">Lire la suite<i class=\"fa fa-angle-double-right\"><\/i><\/a><\/div>\n","protected":false},"author":11,"featured_media":0,"comment_status":"open","ping_status":"closed","sticky":false,"template":"","format":"image","meta":[],"categories":[221,121],"tags":[3931,3941,3911,3921,3951],"_links":{"self":[{"href":"https:\/\/burg.azurewebsites.net\/index.php?rest_route=\/wp\/v2\/posts\/18971"}],"collection":[{"href":"https:\/\/burg.azurewebsites.net\/index.php?rest_route=\/wp\/v2\/posts"}],"about":[{"href":"https:\/\/burg.azurewebsites.net\/index.php?rest_route=\/wp\/v2\/types\/post"}],"author":[{"embeddable":true,"href":"https:\/\/burg.azurewebsites.net\/index.php?rest_route=\/wp\/v2\/users\/11"}],"replies":[{"embeddable":true,"href":"https:\/\/burg.azurewebsites.net\/index.php?rest_route=%2Fwp%2Fv2%2Fcomments&post=18971"}],"version-history":[{"count":2,"href":"https:\/\/burg.azurewebsites.net\/index.php?rest_route=\/wp\/v2\/posts\/18971\/revisions"}],"predecessor-version":[{"id":19041,"href":"https:\/\/burg.azurewebsites.net\/index.php?rest_route=\/wp\/v2\/posts\/18971\/revisions\/19041"}],"wp:attachment":[{"href":"https:\/\/burg.azurewebsites.net\/index.php?rest_route=%2Fwp%2Fv2%2Fmedia&parent=18971"}],"wp:term":[{"taxonomy":"category","embeddable":true,"href":"https:\/\/burg.azurewebsites.net\/index.php?rest_route=%2Fwp%2Fv2%2Fcategories&post=18971"},{"taxonomy":"post_tag","embeddable":true,"href":"https:\/\/burg.azurewebsites.net\/index.php?rest_route=%2Fwp%2Fv2%2Ftags&post=18971"}],"curies":[{"name":"wp","href":"https:\/\/api.w.org\/{rel}","templated":true}]}}