{"id":23111,"date":"2015-11-20T15:26:20","date_gmt":"2015-11-20T13:26:20","guid":{"rendered":"http:\/\/burg.azurewebsites.net\/?p=23111"},"modified":"2015-11-20T15:26:20","modified_gmt":"2015-11-20T13:26:20","slug":"construire-la-securite-malgre-lhorreur","status":"publish","type":"post","link":"https:\/\/burg.azurewebsites.net\/?p=23111","title":{"rendered":"Construire la s\u00e9curit\u00e9 malgr\u00e9 l&rsquo;horreur"},"content":{"rendered":"<p><strong><em>Suite aux \u00e9v\u00e9nements de Paris, <a href=\"http:\/\/www.lefuret.org\/\" target=\"_blank\">Le Furet<\/a> s\u2019inqui\u00e8te pour les tout-petits et petits\u2026\u00a0<\/em><\/strong><strong><em> que l\u2019on oublie parfois, pensant qu\u2019ils ne peuvent pas comprendre.<\/em><\/strong><\/p>\n<p><strong><em>Quelques r\u00e9flexions \u00e0 l\u2019adresse des professionnels de la petite enfance&#8230;<\/em><\/strong><\/p>\n<p><strong><em>L\u2019enfant ressent les \u00e9motions de l\u2019adulte<\/em><\/strong> <em>Contrairement \u00e0 ce que l\u2019on pourrait penser, les\u00a0 jeunes enfants et plus particuli\u00e8rement les tout-petits <\/em><\/p>\n<p><em>sont tr\u00e8s sensibles aux \u00e9tats \u00e9motionnels des adultes qui les entourent. <\/em><\/p>\n<p><em>Il est n\u00e9cessaire de leur expliquer, avec d\u00e9licatesse, ce qu&rsquo;on ressent pour mieux les rassurer.<\/em><\/p>\n<p><strong><em>L\u2019enfant construit ses propres hypoth\u00e8ses<\/em><\/strong> <em>Si rien n\u2019est exprim\u00e9 l\u2019enfant construit ses propres hypoth\u00e8ses et peut se croire responsable <\/em><\/p>\n<p><em>de l\u2019\u00e9tat \u00e9motionnel de son entourage.\u00a0On peut dire : \u00ab\u00a0Je suis triste car des personnes ont \u00e9t\u00e9 tu\u00e9es\u00a0\u00bb <\/em><\/p>\n<p><em>ou bien \u00ab\u00a0Je suis en col\u00e8re contre des m\u00e9chants qui ont fait du mal \u00e0 des gens \u00bb&#8230;<\/em><\/p>\n<p><strong><em>Proscrire les images dans la mesure du possible<\/em><\/strong> <em>L\u2019enfant ne devrait pas \u00eatre expos\u00e9 aux images, trop impressionnantes et trop difficiles \u00e0 appr\u00e9hender\u00a0<\/em><\/p>\n<p><em>pour lui. Notre fascination devant l\u2019\u00e9cran peut \u00eatre per\u00e7ue comme inqui\u00e9tante, d\u2019autant plus <\/em><\/p>\n<p><em>qu\u2019\u00e0 ces moments-l\u00e0 notre disponibilit\u00e9 se rel\u00e2che. Il vaut mieux \u00e9couter la radio pour s\u2019informer.<\/em><\/p>\n<p><strong><em>Prendre soin de soi, prendre soin de l\u2019enfant<\/em><\/strong> <em>Retrouver des comportements habituels, se centrer sur le pr\u00e9sent avec l\u2019enfant, parler avec d\u2019autres adultes, <\/em><\/p>\n<p><em>hors de sa pr\u00e9sence, de ce que l&rsquo;on vit et qu&rsquo;on tente de comprendre.\u00a0Laisser passer ses \u00e9motions <\/em><\/p>\n<p><em>sans s&rsquo;y accrocher et retrouver un peu de calme pour laisser le raisonnement reprendre place.<\/em><\/p>\n<p><em><strong>Se mettre \u00e0 l\u2019\u00e9coute de l\u2019enfant<\/strong><\/em><em>\u00a0<\/em><strong><em>pour comprendre<\/em><\/strong> <em>Ce que la situation a provoqu\u00e9 comme questionnement, comme peurs, comme angoisses m\u00e9rite <\/em><\/p>\n<p><em>d&rsquo;\u00eatre \u00e9cout\u00e9.\u00a0<\/em><em>Observer si quelque chose dans son comportement a chang\u00e9. <\/em><\/p>\n<p><em>A-t-il\u00a0 plus besoin de doudou ou de c\u00e2lins\u00a0? Son sommeil, son app\u00e9tit\u00a0 ou sa digestion sont-ils perturb\u00e9s\u00a0?<\/em><\/p>\n<p><em>Les \u00e9motions s&rsquo;expriment au travers du corps.<\/em><\/p>\n<p><em><strong>Rassurer par des mots, des gestes, des regards<\/strong><\/em><em>\u00a0qui parlent de notre s\u00e9curit\u00e9 retrouv\u00e9e. <\/em><\/p>\n<p><em>Parler au p\u00e9diatre ou \u00e0 un psychologue si des signes nous inqui\u00e8tent. <\/em><\/p>\n<p><em>Ne pas rester seul avec ses angoisses et se faire aider si on en ressent le besoin.<\/em><\/p>\n<p><strong><em>Aimer la vie,<\/em><\/strong><strong><em>\u00a0<\/em><\/strong><em>la n\u00f4tre et celle de nos tout-petits\u2026\u00a0Viva la vida !<\/em><\/p>\n","protected":false},"excerpt":{"rendered":"<p>Suite aux \u00e9v\u00e9nements de Paris, Le Furet s\u2019inqui\u00e8te pour les tout-petits et petits\u2026\u00a0 que l\u2019on oublie parfois, pensant qu\u2019ils ne peuvent pas comprendre. Quelques r\u00e9flexions \u00e0 l\u2019adresse des professionnels de la petite enfance&#8230; L\u2019enfant ressent les \u00e9motions de l\u2019adulte Contrairement \u00e0 ce que l\u2019on pourrait penser, les\u00a0 jeunes enfants et plus particuli\u00e8rement les tout-petits sont&#8230; <\/p>\n<div class=\"read-more navbutton\"><a href=\"https:\/\/burg.azurewebsites.net\/?p=23111\">Lire la suite<i class=\"fa fa-angle-double-right\"><\/i><\/a><\/div>\n","protected":false},"author":11,"featured_media":0,"comment_status":"open","ping_status":"closed","sticky":false,"template":"","format":"standard","meta":[],"categories":[221],"tags":[4391],"_links":{"self":[{"href":"https:\/\/burg.azurewebsites.net\/index.php?rest_route=\/wp\/v2\/posts\/23111"}],"collection":[{"href":"https:\/\/burg.azurewebsites.net\/index.php?rest_route=\/wp\/v2\/posts"}],"about":[{"href":"https:\/\/burg.azurewebsites.net\/index.php?rest_route=\/wp\/v2\/types\/post"}],"author":[{"embeddable":true,"href":"https:\/\/burg.azurewebsites.net\/index.php?rest_route=\/wp\/v2\/users\/11"}],"replies":[{"embeddable":true,"href":"https:\/\/burg.azurewebsites.net\/index.php?rest_route=%2Fwp%2Fv2%2Fcomments&post=23111"}],"version-history":[{"count":1,"href":"https:\/\/burg.azurewebsites.net\/index.php?rest_route=\/wp\/v2\/posts\/23111\/revisions"}],"predecessor-version":[{"id":23121,"href":"https:\/\/burg.azurewebsites.net\/index.php?rest_route=\/wp\/v2\/posts\/23111\/revisions\/23121"}],"wp:attachment":[{"href":"https:\/\/burg.azurewebsites.net\/index.php?rest_route=%2Fwp%2Fv2%2Fmedia&parent=23111"}],"wp:term":[{"taxonomy":"category","embeddable":true,"href":"https:\/\/burg.azurewebsites.net\/index.php?rest_route=%2Fwp%2Fv2%2Fcategories&post=23111"},{"taxonomy":"post_tag","embeddable":true,"href":"https:\/\/burg.azurewebsites.net\/index.php?rest_route=%2Fwp%2Fv2%2Ftags&post=23111"}],"curies":[{"name":"wp","href":"https:\/\/api.w.org\/{rel}","templated":true}]}}