{"id":24591,"date":"2015-12-25T19:04:53","date_gmt":"2015-12-25T17:04:53","guid":{"rendered":"http:\/\/burg.azurewebsites.net\/?p=24591"},"modified":"2015-12-25T19:04:53","modified_gmt":"2015-12-25T17:04:53","slug":"paquerette-de-noel","status":"publish","type":"post","link":"https:\/\/burg.azurewebsites.net\/?p=24591","title":{"rendered":"P\u00e2querette de No\u00ebl&#8230;"},"content":{"rendered":"<p style=\"text-align: center;\">Dans notre jardin ce matin,<\/p>\n<p style=\"text-align: center;\">une p\u00e2querette m&rsquo;a souri.<\/p>\n<p style=\"text-align: center;\">No\u00ebl en Alsace &#8230;<\/p>\n<p style=\"text-align: center;\"><a href=\"http:\/\/burg.azurewebsites.net\/wp-content\/uploads\/2015\/12\/DSC08103.jpg\" target=\"_blank\"><img loading=\"lazy\" class=\"aligncenter wp-image-24601 size-full\" src=\"http:\/\/burg.azurewebsites.net\/wp-content\/uploads\/2015\/12\/DSC08103.jpg\" alt=\"DSC08103\" width=\"1332\" height=\"750\" srcset=\"https:\/\/burg.azurewebsites.net\/wp-content\/uploads\/2015\/12\/DSC08103.jpg 1332w, https:\/\/burg.azurewebsites.net\/wp-content\/uploads\/2015\/12\/DSC08103-300x169.jpg 300w, https:\/\/burg.azurewebsites.net\/wp-content\/uploads\/2015\/12\/DSC08103-1024x577.jpg 1024w, https:\/\/burg.azurewebsites.net\/wp-content\/uploads\/2015\/12\/DSC08103-600x338.jpg 600w\" sizes=\"(max-width: 1332px) 100vw, 1332px\" \/><\/a><\/p>\n<p style=\"text-align: center;\">Eh oui, pas de No\u00ebl sans P\u00e2ques<\/p>\n<p style=\"text-align: center;\"><a href=\"http:\/\/www.steinbach68.org\/page67.htm\" target=\"_blank\">No\u00ebl &amp; P\u00e2ques &#8211; M\u00e9ditation de<span style=\"font-family: Arial; font-size: small;\"> Gabriel NISSIM, dominicain<\/span><\/a><\/p>\n<p style=\"text-align: center;\">Je vous souhaite un BON NO\u00cbL PASCAL !<\/p>\n","protected":false},"excerpt":{"rendered":"<p>Dans notre jardin ce matin, une p\u00e2querette m&rsquo;a souri. No\u00ebl en Alsace &#8230; Eh oui, pas de No\u00ebl sans P\u00e2ques No\u00ebl &amp; P\u00e2ques &#8211; M\u00e9ditation de Gabriel NISSIM, dominicain Je vous souhaite un BON NO\u00cbL PASCAL !<\/p>\n","protected":false},"author":11,"featured_media":0,"comment_status":"open","ping_status":"closed","sticky":false,"template":"","format":"image","meta":[],"categories":[221,1],"tags":[4661],"_links":{"self":[{"href":"https:\/\/burg.azurewebsites.net\/index.php?rest_route=\/wp\/v2\/posts\/24591"}],"collection":[{"href":"https:\/\/burg.azurewebsites.net\/index.php?rest_route=\/wp\/v2\/posts"}],"about":[{"href":"https:\/\/burg.azurewebsites.net\/index.php?rest_route=\/wp\/v2\/types\/post"}],"author":[{"embeddable":true,"href":"https:\/\/burg.azurewebsites.net\/index.php?rest_route=\/wp\/v2\/users\/11"}],"replies":[{"embeddable":true,"href":"https:\/\/burg.azurewebsites.net\/index.php?rest_route=%2Fwp%2Fv2%2Fcomments&post=24591"}],"version-history":[{"count":2,"href":"https:\/\/burg.azurewebsites.net\/index.php?rest_route=\/wp\/v2\/posts\/24591\/revisions"}],"predecessor-version":[{"id":24621,"href":"https:\/\/burg.azurewebsites.net\/index.php?rest_route=\/wp\/v2\/posts\/24591\/revisions\/24621"}],"wp:attachment":[{"href":"https:\/\/burg.azurewebsites.net\/index.php?rest_route=%2Fwp%2Fv2%2Fmedia&parent=24591"}],"wp:term":[{"taxonomy":"category","embeddable":true,"href":"https:\/\/burg.azurewebsites.net\/index.php?rest_route=%2Fwp%2Fv2%2Fcategories&post=24591"},{"taxonomy":"post_tag","embeddable":true,"href":"https:\/\/burg.azurewebsites.net\/index.php?rest_route=%2Fwp%2Fv2%2Ftags&post=24591"}],"curies":[{"name":"wp","href":"https:\/\/api.w.org\/{rel}","templated":true}]}}