{"id":3031,"date":"2014-08-11T00:14:22","date_gmt":"2014-08-10T22:14:22","guid":{"rendered":"http:\/\/burg.azurewebsites.net\/?p=3031"},"modified":"2014-08-14T14:11:18","modified_gmt":"2014-08-14T12:11:18","slug":"vestige","status":"publish","type":"post","link":"https:\/\/burg.azurewebsites.net\/?p=3031","title":{"rendered":"Vestige"},"content":{"rendered":"<p style=\"text-align: center;\">Fil de fer barbel\u00e9, vestige de la guerre 14-18<\/p>\n<p style=\"text-align: center;\"><a href=\"http:\/\/burg.azurewebsites.net\/wp-content\/uploads\/2014\/08\/DSC09793.jpg\" target=\"_blank\"><img loading=\"lazy\" class=\"aligncenter wp-image-3071 size-full\" src=\"http:\/\/burg.azurewebsites.net\/wp-content\/uploads\/2014\/08\/DSC09793.jpg\" alt=\"DSC09793\" width=\"1000\" height=\"750\" srcset=\"https:\/\/burg.azurewebsites.net\/wp-content\/uploads\/2014\/08\/DSC09793.jpg 1000w, https:\/\/burg.azurewebsites.net\/wp-content\/uploads\/2014\/08\/DSC09793-300x225.jpg 300w\" sizes=\"(max-width: 1000px) 100vw, 1000px\" \/><\/a><\/p>\n<p style=\"text-align: center;\">La photo a \u00e9t\u00e9 prise\u00a0au\u00a0Hartmannswillerkopf,<\/p>\n<p style=\"text-align: center;\">l\u00e0\u00a0o\u00f9\u00a030 000 soldats fran\u00e7ais et allemands se sont entretu\u00e9s.<\/p>\n<p style=\"text-align: center;\"><a href=\"http:\/\/burg.azurewebsites.net\/wp-content\/uploads\/2014\/08\/DSC09755-escalier-.jpg\"><img loading=\"lazy\" class=\"aligncenter size-full wp-image-3041\" src=\"http:\/\/burg.azurewebsites.net\/wp-content\/uploads\/2014\/08\/DSC09755-escalier-.jpg\" alt=\"DSC09755 escalier\" width=\"1000\" height=\"168\" srcset=\"https:\/\/burg.azurewebsites.net\/wp-content\/uploads\/2014\/08\/DSC09755-escalier-.jpg 1000w, https:\/\/burg.azurewebsites.net\/wp-content\/uploads\/2014\/08\/DSC09755-escalier--300x50.jpg 300w\" sizes=\"(max-width: 1000px) 100vw, 1000px\" \/><\/a><\/p>\n<p style=\"text-align: center;\">(escalier menant \u00e0 la crypte du site)<\/p>\n<p style=\"text-align: center;\">Ces combattants\u00a0fran\u00e7ais et allemands avaient-ils vraiment\u00a0l&rsquo;envie de tuer?<\/p>\n<p style=\"text-align: center;\">\u00a0S&rsquo;ils\u00a0ont tu\u00e9,\u00a0c&rsquo;\u00e9tait probablement avant tout pour\u00a0ne pas \u00eatre tu\u00e9s eux-m\u00eames.<\/p>\n<p style=\"text-align: center;\">Stupidit\u00e9 de la guerre.<\/p>\n<p style=\"text-align: center;\">\n","protected":false},"excerpt":{"rendered":"<p>Fil de fer barbel\u00e9, vestige de la guerre 14-18 La photo a \u00e9t\u00e9 prise\u00a0au\u00a0Hartmannswillerkopf, l\u00e0\u00a0o\u00f9\u00a030 000 soldats fran\u00e7ais et allemands se sont entretu\u00e9s. (escalier menant \u00e0 la crypte du site) Ces combattants\u00a0fran\u00e7ais et allemands avaient-ils vraiment\u00a0l&rsquo;envie de tuer? \u00a0S&rsquo;ils\u00a0ont tu\u00e9,\u00a0c&rsquo;\u00e9tait probablement avant tout pour\u00a0ne pas \u00eatre tu\u00e9s eux-m\u00eames. Stupidit\u00e9 de la guerre.<\/p>\n","protected":false},"author":11,"featured_media":0,"comment_status":"open","ping_status":"closed","sticky":false,"template":"","format":"image","meta":[],"categories":[251,1],"tags":[],"_links":{"self":[{"href":"https:\/\/burg.azurewebsites.net\/index.php?rest_route=\/wp\/v2\/posts\/3031"}],"collection":[{"href":"https:\/\/burg.azurewebsites.net\/index.php?rest_route=\/wp\/v2\/posts"}],"about":[{"href":"https:\/\/burg.azurewebsites.net\/index.php?rest_route=\/wp\/v2\/types\/post"}],"author":[{"embeddable":true,"href":"https:\/\/burg.azurewebsites.net\/index.php?rest_route=\/wp\/v2\/users\/11"}],"replies":[{"embeddable":true,"href":"https:\/\/burg.azurewebsites.net\/index.php?rest_route=%2Fwp%2Fv2%2Fcomments&post=3031"}],"version-history":[{"count":2,"href":"https:\/\/burg.azurewebsites.net\/index.php?rest_route=\/wp\/v2\/posts\/3031\/revisions"}],"predecessor-version":[{"id":3331,"href":"https:\/\/burg.azurewebsites.net\/index.php?rest_route=\/wp\/v2\/posts\/3031\/revisions\/3331"}],"wp:attachment":[{"href":"https:\/\/burg.azurewebsites.net\/index.php?rest_route=%2Fwp%2Fv2%2Fmedia&parent=3031"}],"wp:term":[{"taxonomy":"category","embeddable":true,"href":"https:\/\/burg.azurewebsites.net\/index.php?rest_route=%2Fwp%2Fv2%2Fcategories&post=3031"},{"taxonomy":"post_tag","embeddable":true,"href":"https:\/\/burg.azurewebsites.net\/index.php?rest_route=%2Fwp%2Fv2%2Ftags&post=3031"}],"curies":[{"name":"wp","href":"https:\/\/api.w.org\/{rel}","templated":true}]}}