{"id":33981,"date":"2016-08-13T04:05:20","date_gmt":"2016-08-13T02:05:20","guid":{"rendered":"http:\/\/burg.azurewebsites.net\/?p=33981"},"modified":"2016-08-13T04:12:00","modified_gmt":"2016-08-13T02:12:00","slug":"a-lombre-de-la-cathedrale-lamour-sest-mis-a-fleurir","status":"publish","type":"post","link":"https:\/\/burg.azurewebsites.net\/?p=33981","title":{"rendered":"\u00c0 l&rsquo;ombre de la cath\u00e9drale, l&rsquo;amour s&rsquo;est mis \u00e0 fleurir&#8230;"},"content":{"rendered":"<p style=\"text-align: center;\"><a href=\"http:\/\/burg.azurewebsites.net\/wp-content\/uploads\/2016\/08\/DSC01947.jpg\" target=\"_blank\"><img loading=\"lazy\" class=\"aligncenter wp-image-33991 size-full\" src=\"http:\/\/burg.azurewebsites.net\/wp-content\/uploads\/2016\/08\/DSC01947.jpg\" alt=\"DSC01947\" width=\"1424\" height=\"800\" srcset=\"https:\/\/burg.azurewebsites.net\/wp-content\/uploads\/2016\/08\/DSC01947.jpg 1424w, https:\/\/burg.azurewebsites.net\/wp-content\/uploads\/2016\/08\/DSC01947-300x169.jpg 300w, https:\/\/burg.azurewebsites.net\/wp-content\/uploads\/2016\/08\/DSC01947-768x431.jpg 768w, https:\/\/burg.azurewebsites.net\/wp-content\/uploads\/2016\/08\/DSC01947-1024x575.jpg 1024w, https:\/\/burg.azurewebsites.net\/wp-content\/uploads\/2016\/08\/DSC01947-600x337.jpg 600w\" sizes=\"(max-width: 1424px) 100vw, 1424px\" \/><\/a><\/p>\n<p style=\"text-align: center;\">Pourriez-vous svp\u00a0nous pr\u00e9ciser l&rsquo;heure exacte o\u00f9 cela s&rsquo;est pass\u00e9\u00a0? \ud83d\ude09<\/p>\n<p style=\"text-align: center;\">&#8212;<\/p>\n<p style=\"text-align: center;\">Inscription trouv\u00e9e\u00a0\u00e0 B\u00e2le, au pied de la cath\u00e9drale.<\/p>\n<p style=\"text-align: center;\">Plus po\u00e9tique et moins lourd que les cadenas d&rsquo;amour du Pont des Arts<\/p>\n<p style=\"text-align: center;\">\u00ab\u00a0C&rsquo;est ici que, le 9.3.1981, l&rsquo;amour\u00a0a commenc\u00e9 \u00e0\u00a0fleurir entre Harald et Gabriele.\u00a0\u00bb(traduction litt\u00e9rale)<\/p>\n","protected":false},"excerpt":{"rendered":"<p>Pourriez-vous svp\u00a0nous pr\u00e9ciser l&rsquo;heure exacte o\u00f9 cela s&rsquo;est pass\u00e9\u00a0? \ud83d\ude09 &#8212; Inscription trouv\u00e9e\u00a0\u00e0 B\u00e2le, au pied de la cath\u00e9drale. Plus po\u00e9tique et moins lourd que les cadenas d&rsquo;amour du Pont des Arts \u00ab\u00a0C&rsquo;est ici que, le 9.3.1981, l&rsquo;amour\u00a0a commenc\u00e9 \u00e0\u00a0fleurir entre Harald et Gabriele.\u00a0\u00bb(traduction litt\u00e9rale)<\/p>\n","protected":false},"author":11,"featured_media":0,"comment_status":"open","ping_status":"closed","sticky":false,"template":"","format":"image","meta":[],"categories":[221,1],"tags":[5831],"_links":{"self":[{"href":"https:\/\/burg.azurewebsites.net\/index.php?rest_route=\/wp\/v2\/posts\/33981"}],"collection":[{"href":"https:\/\/burg.azurewebsites.net\/index.php?rest_route=\/wp\/v2\/posts"}],"about":[{"href":"https:\/\/burg.azurewebsites.net\/index.php?rest_route=\/wp\/v2\/types\/post"}],"author":[{"embeddable":true,"href":"https:\/\/burg.azurewebsites.net\/index.php?rest_route=\/wp\/v2\/users\/11"}],"replies":[{"embeddable":true,"href":"https:\/\/burg.azurewebsites.net\/index.php?rest_route=%2Fwp%2Fv2%2Fcomments&post=33981"}],"version-history":[{"count":1,"href":"https:\/\/burg.azurewebsites.net\/index.php?rest_route=\/wp\/v2\/posts\/33981\/revisions"}],"predecessor-version":[{"id":34001,"href":"https:\/\/burg.azurewebsites.net\/index.php?rest_route=\/wp\/v2\/posts\/33981\/revisions\/34001"}],"wp:attachment":[{"href":"https:\/\/burg.azurewebsites.net\/index.php?rest_route=%2Fwp%2Fv2%2Fmedia&parent=33981"}],"wp:term":[{"taxonomy":"category","embeddable":true,"href":"https:\/\/burg.azurewebsites.net\/index.php?rest_route=%2Fwp%2Fv2%2Fcategories&post=33981"},{"taxonomy":"post_tag","embeddable":true,"href":"https:\/\/burg.azurewebsites.net\/index.php?rest_route=%2Fwp%2Fv2%2Ftags&post=33981"}],"curies":[{"name":"wp","href":"https:\/\/api.w.org\/{rel}","templated":true}]}}