{"id":35751,"date":"2016-09-23T02:08:15","date_gmt":"2016-09-23T00:08:15","guid":{"rendered":"http:\/\/burg.azurewebsites.net\/?p=35751"},"modified":"2016-09-23T02:08:15","modified_gmt":"2016-09-23T00:08:15","slug":"par-la-fenetre","status":"publish","type":"post","link":"https:\/\/burg.azurewebsites.net\/?p=35751","title":{"rendered":"Par la fen\u00eatre&#8230;"},"content":{"rendered":"<p style=\"text-align: center;\"><a href=\"http:\/\/burg.azurewebsites.net\/wp-content\/uploads\/2016\/09\/DSC00404-Par-la-fenetre-.jpg\" target=\"_blank\"><img loading=\"lazy\" class=\"aligncenter wp-image-35771 size-full\" src=\"http:\/\/burg.azurewebsites.net\/wp-content\/uploads\/2016\/09\/DSC00404-Par-la-fenetre-.jpg\" alt=\"dsc00404-par-la-fenetre\" width=\"1238\" height=\"825\" srcset=\"https:\/\/burg.azurewebsites.net\/wp-content\/uploads\/2016\/09\/DSC00404-Par-la-fenetre-.jpg 1238w, https:\/\/burg.azurewebsites.net\/wp-content\/uploads\/2016\/09\/DSC00404-Par-la-fenetre--300x200.jpg 300w, https:\/\/burg.azurewebsites.net\/wp-content\/uploads\/2016\/09\/DSC00404-Par-la-fenetre--768x512.jpg 768w, https:\/\/burg.azurewebsites.net\/wp-content\/uploads\/2016\/09\/DSC00404-Par-la-fenetre--1024x682.jpg 1024w, https:\/\/burg.azurewebsites.net\/wp-content\/uploads\/2016\/09\/DSC00404-Par-la-fenetre--600x400.jpg 600w\" sizes=\"(max-width: 1238px) 100vw, 1238px\" \/><\/a><\/p>\n<p style=\"text-align: center;\">\u00ab\u00a0Usage de la fen\u00eatre : inviter la beaut\u00e9 \u00e0 entrer et laisser l&rsquo;inspiration sortir.\u00a0\u00bb<\/p>\n<p style=\"text-align: center;\">Sylvain Tesson<\/p>\n<p style=\"text-align: center;\">___<\/p>\n<p style=\"text-align: center;\">\u00ab\u00a0Quand une chambre a une fen\u00eatre, c&rsquo;est qu&rsquo;on a sa part de ciel. pourquoi vouloir autre chose ?\u00a0\u00bb<\/p>\n<p style=\"text-align: center;\">Am\u00e9lie Nothomb<\/p>\n<p style=\"text-align: center;\">___<\/p>\n<p style=\"text-align: center;\">\u00ab\u00a0Ce n&rsquo;est pas le paysage qui est petit, c&rsquo;est la fen\u00eatre par laquelle on le regarde.\u00a0\u00bb<\/p>\n<p style=\"text-align: center;\">Proverbe tib\u00e9tain<\/p>\n<p style=\"text-align: center;\">_____&#8211;___<\/p>\n","protected":false},"excerpt":{"rendered":"<p>\u00ab\u00a0Usage de la fen\u00eatre : inviter la beaut\u00e9 \u00e0 entrer et laisser l&rsquo;inspiration sortir.\u00a0\u00bb Sylvain Tesson ___ \u00ab\u00a0Quand une chambre a une fen\u00eatre, c&rsquo;est qu&rsquo;on a sa part de ciel. pourquoi vouloir autre chose ?\u00a0\u00bb Am\u00e9lie Nothomb ___ \u00ab\u00a0Ce n&rsquo;est pas le paysage qui est petit, c&rsquo;est la fen\u00eatre par laquelle on le regarde.\u00a0\u00bb Proverbe&#8230; <\/p>\n<div class=\"read-more navbutton\"><a href=\"https:\/\/burg.azurewebsites.net\/?p=35751\">Lire la suite<i class=\"fa fa-angle-double-right\"><\/i><\/a><\/div>\n","protected":false},"author":11,"featured_media":0,"comment_status":"open","ping_status":"closed","sticky":false,"template":"","format":"image","meta":[],"categories":[6001,121],"tags":[2671,401],"_links":{"self":[{"href":"https:\/\/burg.azurewebsites.net\/index.php?rest_route=\/wp\/v2\/posts\/35751"}],"collection":[{"href":"https:\/\/burg.azurewebsites.net\/index.php?rest_route=\/wp\/v2\/posts"}],"about":[{"href":"https:\/\/burg.azurewebsites.net\/index.php?rest_route=\/wp\/v2\/types\/post"}],"author":[{"embeddable":true,"href":"https:\/\/burg.azurewebsites.net\/index.php?rest_route=\/wp\/v2\/users\/11"}],"replies":[{"embeddable":true,"href":"https:\/\/burg.azurewebsites.net\/index.php?rest_route=%2Fwp%2Fv2%2Fcomments&post=35751"}],"version-history":[{"count":1,"href":"https:\/\/burg.azurewebsites.net\/index.php?rest_route=\/wp\/v2\/posts\/35751\/revisions"}],"predecessor-version":[{"id":35781,"href":"https:\/\/burg.azurewebsites.net\/index.php?rest_route=\/wp\/v2\/posts\/35751\/revisions\/35781"}],"wp:attachment":[{"href":"https:\/\/burg.azurewebsites.net\/index.php?rest_route=%2Fwp%2Fv2%2Fmedia&parent=35751"}],"wp:term":[{"taxonomy":"category","embeddable":true,"href":"https:\/\/burg.azurewebsites.net\/index.php?rest_route=%2Fwp%2Fv2%2Fcategories&post=35751"},{"taxonomy":"post_tag","embeddable":true,"href":"https:\/\/burg.azurewebsites.net\/index.php?rest_route=%2Fwp%2Fv2%2Ftags&post=35751"}],"curies":[{"name":"wp","href":"https:\/\/api.w.org\/{rel}","templated":true}]}}