{"id":36481,"date":"2016-10-13T02:14:58","date_gmt":"2016-10-13T00:14:58","guid":{"rendered":"http:\/\/burg.azurewebsites.net\/?p=36481"},"modified":"2016-10-13T02:14:58","modified_gmt":"2016-10-13T00:14:58","slug":"plus-claire-la-lumiere-plus-sombre-lobscurite","status":"publish","type":"post","link":"https:\/\/burg.azurewebsites.net\/?p=36481","title":{"rendered":"Plus claire la lumi\u00e8re, plus sombre l&rsquo;obscurit\u00e9&#8230;"},"content":{"rendered":"<p style=\"text-align: center;\"><a href=\"http:\/\/burg.azurewebsites.net\/wp-content\/uploads\/2016\/10\/DSC00897.jpg\" target=\"_blank\"><img loading=\"lazy\" class=\"aligncenter wp-image-36511 size-full\" src=\"http:\/\/burg.azurewebsites.net\/wp-content\/uploads\/2016\/10\/DSC00897.jpg\" alt=\"dsc00897\" width=\"655\" height=\"775\" srcset=\"https:\/\/burg.azurewebsites.net\/wp-content\/uploads\/2016\/10\/DSC00897.jpg 655w, https:\/\/burg.azurewebsites.net\/wp-content\/uploads\/2016\/10\/DSC00897-254x300.jpg 254w, https:\/\/burg.azurewebsites.net\/wp-content\/uploads\/2016\/10\/DSC00897-600x710.jpg 600w\" sizes=\"(max-width: 655px) 100vw, 655px\" \/><\/a><\/p>\n<p style=\"text-align: center;\"><span style=\"color: #000000; font-family: Calibri;\">L&rsquo;art est, comme la pri\u00e8re, une main tendue dans l&rsquo;obscurit\u00e9, <\/span><\/p>\n<p style=\"text-align: center;\"><span style=\"color: #000000; font-family: Calibri;\">qui veut saisir une part de gr\u00e2ce pour se muer en une main qui donne.<\/span><\/p>\n<p style=\"text-align: center;\"><span style=\"color: #000000; font-family: Calibri;\">Franz Kafka<\/span><\/p>\n<p style=\"text-align: center;\"><a href=\"http:\/\/burg.azurewebsites.net\/wp-content\/uploads\/2016\/10\/DSC00896.jpg\" target=\"_blank\"><img loading=\"lazy\" class=\"aligncenter wp-image-36501 size-full\" src=\"http:\/\/burg.azurewebsites.net\/wp-content\/uploads\/2016\/10\/DSC00896.jpg\" alt=\"dsc00896\" width=\"1224\" height=\"604\" srcset=\"https:\/\/burg.azurewebsites.net\/wp-content\/uploads\/2016\/10\/DSC00896.jpg 1224w, https:\/\/burg.azurewebsites.net\/wp-content\/uploads\/2016\/10\/DSC00896-300x148.jpg 300w, https:\/\/burg.azurewebsites.net\/wp-content\/uploads\/2016\/10\/DSC00896-768x379.jpg 768w, https:\/\/burg.azurewebsites.net\/wp-content\/uploads\/2016\/10\/DSC00896-1024x505.jpg 1024w, https:\/\/burg.azurewebsites.net\/wp-content\/uploads\/2016\/10\/DSC00896-600x296.jpg 600w\" sizes=\"(max-width: 1224px) 100vw, 1224px\" \/><\/a><\/p>\n<p style=\"text-align: center;\"><span style=\"color: #000000; font-family: Calibri;\">Plus claire la lumi\u00e8re, plus sombre l&rsquo;obscurit\u00e9&#8230; <\/span><\/p>\n<p style=\"text-align: center;\"><span style=\"color: #000000; font-family: Calibri;\">Il est impossible d&rsquo;appr\u00e9cier correctement la lumi\u00e8re sans conna\u00eetre les t\u00e9n\u00e8bres. <\/span><\/p>\n<p style=\"text-align: center;\"><span style=\"color: #000000; font-family: Calibri;\">Jean-Paul Sartre<\/span><\/p>\n<p style=\"text-align: center;\"><a href=\"http:\/\/burg.azurewebsites.net\/wp-content\/uploads\/2016\/10\/DSC00870.jpg\" target=\"_blank\"><img loading=\"lazy\" class=\"aligncenter wp-image-36491 size-full\" src=\"http:\/\/burg.azurewebsites.net\/wp-content\/uploads\/2016\/10\/DSC00870.jpg\" alt=\"dsc00870\" width=\"691\" height=\"691\" srcset=\"https:\/\/burg.azurewebsites.net\/wp-content\/uploads\/2016\/10\/DSC00870.jpg 691w, https:\/\/burg.azurewebsites.net\/wp-content\/uploads\/2016\/10\/DSC00870-150x150.jpg 150w, https:\/\/burg.azurewebsites.net\/wp-content\/uploads\/2016\/10\/DSC00870-300x300.jpg 300w, https:\/\/burg.azurewebsites.net\/wp-content\/uploads\/2016\/10\/DSC00870-600x600.jpg 600w\" sizes=\"(max-width: 691px) 100vw, 691px\" \/><\/a><\/p>\n<p style=\"text-align: center;\">\n","protected":false},"excerpt":{"rendered":"<p>L&rsquo;art est, comme la pri\u00e8re, une main tendue dans l&rsquo;obscurit\u00e9, qui veut saisir une part de gr\u00e2ce pour se muer en une main qui donne. Franz Kafka Plus claire la lumi\u00e8re, plus sombre l&rsquo;obscurit\u00e9&#8230; Il est impossible d&rsquo;appr\u00e9cier correctement la lumi\u00e8re sans conna\u00eetre les t\u00e9n\u00e8bres. Jean-Paul Sartre<\/p>\n","protected":false},"author":11,"featured_media":0,"comment_status":"open","ping_status":"closed","sticky":false,"template":"","format":"image","meta":[],"categories":[251,1],"tags":[6131],"_links":{"self":[{"href":"https:\/\/burg.azurewebsites.net\/index.php?rest_route=\/wp\/v2\/posts\/36481"}],"collection":[{"href":"https:\/\/burg.azurewebsites.net\/index.php?rest_route=\/wp\/v2\/posts"}],"about":[{"href":"https:\/\/burg.azurewebsites.net\/index.php?rest_route=\/wp\/v2\/types\/post"}],"author":[{"embeddable":true,"href":"https:\/\/burg.azurewebsites.net\/index.php?rest_route=\/wp\/v2\/users\/11"}],"replies":[{"embeddable":true,"href":"https:\/\/burg.azurewebsites.net\/index.php?rest_route=%2Fwp%2Fv2%2Fcomments&post=36481"}],"version-history":[{"count":2,"href":"https:\/\/burg.azurewebsites.net\/index.php?rest_route=\/wp\/v2\/posts\/36481\/revisions"}],"predecessor-version":[{"id":36531,"href":"https:\/\/burg.azurewebsites.net\/index.php?rest_route=\/wp\/v2\/posts\/36481\/revisions\/36531"}],"wp:attachment":[{"href":"https:\/\/burg.azurewebsites.net\/index.php?rest_route=%2Fwp%2Fv2%2Fmedia&parent=36481"}],"wp:term":[{"taxonomy":"category","embeddable":true,"href":"https:\/\/burg.azurewebsites.net\/index.php?rest_route=%2Fwp%2Fv2%2Fcategories&post=36481"},{"taxonomy":"post_tag","embeddable":true,"href":"https:\/\/burg.azurewebsites.net\/index.php?rest_route=%2Fwp%2Fv2%2Ftags&post=36481"}],"curies":[{"name":"wp","href":"https:\/\/api.w.org\/{rel}","templated":true}]}}