{"id":4571,"date":"2014-08-24T05:03:28","date_gmt":"2014-08-24T03:03:28","guid":{"rendered":"http:\/\/burg.azurewebsites.net\/?p=4571"},"modified":"2014-08-24T05:03:28","modified_gmt":"2014-08-24T03:03:28","slug":"o-mon-dieu","status":"publish","type":"post","link":"https:\/\/burg.azurewebsites.net\/?p=4571","title":{"rendered":"\u00d4 mon Dieu !"},"content":{"rendered":"<p style=\"text-align: center;\"><a href=\"http:\/\/burg.azurewebsites.net\/wp-content\/uploads\/2014\/08\/DSC00608-vers-le-haut-.jpg\" target=\"_blank\"><img loading=\"lazy\" class=\"aligncenter wp-image-4631 size-full\" src=\"http:\/\/burg.azurewebsites.net\/wp-content\/uploads\/2014\/08\/DSC00608-vers-le-haut-.jpg\" alt=\"DSC00608 vers le haut\" width=\"1000\" height=\"749\" srcset=\"https:\/\/burg.azurewebsites.net\/wp-content\/uploads\/2014\/08\/DSC00608-vers-le-haut-.jpg 1000w, https:\/\/burg.azurewebsites.net\/wp-content\/uploads\/2014\/08\/DSC00608-vers-le-haut--300x224.jpg 300w\" sizes=\"(max-width: 1000px) 100vw, 1000px\" \/><\/a><\/p>\n<p style=\"text-align: center;\"><a href=\"http:\/\/marbach-culture.fr.gd\/Le-Cri-de-la-Chouette.htm\" target=\"_blank\">Sol\u00e8ne Rousseau<\/a><\/p>\n<p><a href=\"http:\/\/burg.azurewebsites.net\/wp-content\/uploads\/2014\/08\/DSC00592-effroi-.jpg\" target=\"_blank\"><img loading=\"lazy\" class=\"aligncenter wp-image-4621 size-full\" src=\"http:\/\/burg.azurewebsites.net\/wp-content\/uploads\/2014\/08\/DSC00592-effroi-.jpg\" alt=\"DSC00592  effroi\" width=\"1000\" height=\"750\" srcset=\"https:\/\/burg.azurewebsites.net\/wp-content\/uploads\/2014\/08\/DSC00592-effroi-.jpg 1000w, https:\/\/burg.azurewebsites.net\/wp-content\/uploads\/2014\/08\/DSC00592-effroi--300x225.jpg 300w\" sizes=\"(max-width: 1000px) 100vw, 1000px\" \/><\/a><\/p>\n<p style=\"text-align: center;\"><a href=\"http:\/\/www.genevievewendelski.be\/\" target=\"_blank\">Genevi\u00e8ve Wendelski<\/a><\/p>\n<p style=\"text-align: center;\">____<\/p>\n<p style=\"text-align: center;\"><em>(Photos prises <\/em><em>ce 23 Ao\u00fbt <\/em><em>\u00e0 l&rsquo;Abbaye de Marbach &#8211; Le titre\u00a0ne fait r\u00e9f\u00e9rence \u00e0 aucun\u00a0 des contes narr\u00e9s\u00a0par ces deux artistes)<\/em><\/p>\n<p style=\"text-align: center;\">\n","protected":false},"excerpt":{"rendered":"<p>Sol\u00e8ne Rousseau Genevi\u00e8ve Wendelski ____ (Photos prises ce 23 Ao\u00fbt \u00e0 l&rsquo;Abbaye de Marbach &#8211; Le titre\u00a0ne fait r\u00e9f\u00e9rence \u00e0 aucun\u00a0 des contes narr\u00e9s\u00a0par ces deux artistes)<\/p>\n","protected":false},"author":11,"featured_media":0,"comment_status":"open","ping_status":"closed","sticky":false,"template":"","format":"image","meta":[],"categories":[221],"tags":[971,991,961,981],"_links":{"self":[{"href":"https:\/\/burg.azurewebsites.net\/index.php?rest_route=\/wp\/v2\/posts\/4571"}],"collection":[{"href":"https:\/\/burg.azurewebsites.net\/index.php?rest_route=\/wp\/v2\/posts"}],"about":[{"href":"https:\/\/burg.azurewebsites.net\/index.php?rest_route=\/wp\/v2\/types\/post"}],"author":[{"embeddable":true,"href":"https:\/\/burg.azurewebsites.net\/index.php?rest_route=\/wp\/v2\/users\/11"}],"replies":[{"embeddable":true,"href":"https:\/\/burg.azurewebsites.net\/index.php?rest_route=%2Fwp%2Fv2%2Fcomments&post=4571"}],"version-history":[{"count":1,"href":"https:\/\/burg.azurewebsites.net\/index.php?rest_route=\/wp\/v2\/posts\/4571\/revisions"}],"predecessor-version":[{"id":4641,"href":"https:\/\/burg.azurewebsites.net\/index.php?rest_route=\/wp\/v2\/posts\/4571\/revisions\/4641"}],"wp:attachment":[{"href":"https:\/\/burg.azurewebsites.net\/index.php?rest_route=%2Fwp%2Fv2%2Fmedia&parent=4571"}],"wp:term":[{"taxonomy":"category","embeddable":true,"href":"https:\/\/burg.azurewebsites.net\/index.php?rest_route=%2Fwp%2Fv2%2Fcategories&post=4571"},{"taxonomy":"post_tag","embeddable":true,"href":"https:\/\/burg.azurewebsites.net\/index.php?rest_route=%2Fwp%2Fv2%2Ftags&post=4571"}],"curies":[{"name":"wp","href":"https:\/\/api.w.org\/{rel}","templated":true}]}}