{"id":46933,"date":"2017-12-31T23:45:14","date_gmt":"2017-12-31T21:45:14","guid":{"rendered":"http:\/\/burg.azurewebsites.net\/?p=46933"},"modified":"2018-01-01T07:36:42","modified_gmt":"2018-01-01T05:36:42","slug":"bale-40eme-rencontre-europeenne-de-taize-veillee-de-priere-pour-la-paix","status":"publish","type":"post","link":"https:\/\/burg.azurewebsites.net\/?p=46933","title":{"rendered":"B\u00e2le &#8211; 40\u00e8me Rencontre europ\u00e9enne de Taiz\u00e9 &#8211; Veill\u00e9e de Pri\u00e8re pour la Paix"},"content":{"rendered":"<p style=\"text-align: center;\">\n<p style=\"text-align: center;\"><img loading=\"lazy\" class=\"aligncenter wp-image-46963 size-full\" src=\"http:\/\/burg.azurewebsites.net\/wp-content\/uploads\/2018\/01\/DSC08979-bis.jpg\" alt=\"\" width=\"1330\" height=\"800\" srcset=\"https:\/\/burg.azurewebsites.net\/wp-content\/uploads\/2018\/01\/DSC08979-bis.jpg 1330w, https:\/\/burg.azurewebsites.net\/wp-content\/uploads\/2018\/01\/DSC08979-bis-300x180.jpg 300w, https:\/\/burg.azurewebsites.net\/wp-content\/uploads\/2018\/01\/DSC08979-bis-768x462.jpg 768w, https:\/\/burg.azurewebsites.net\/wp-content\/uploads\/2018\/01\/DSC08979-bis-1024x616.jpg 1024w, https:\/\/burg.azurewebsites.net\/wp-content\/uploads\/2018\/01\/DSC08979-bis-600x361.jpg 600w\" sizes=\"(max-width: 1330px) 100vw, 1330px\" \/><\/p>\n<p style=\"text-align: center;\">\u00ab\u00a0L&rsquo;\u00eatre humain est fait pour la joie<\/p>\n<p style=\"text-align: center;\"><img loading=\"lazy\" class=\"aligncenter wp-image-46953 size-full\" src=\"http:\/\/burg.azurewebsites.net\/wp-content\/uploads\/2018\/01\/DSC08973-bis.jpg\" alt=\"\" width=\"1198\" height=\"800\" srcset=\"https:\/\/burg.azurewebsites.net\/wp-content\/uploads\/2018\/01\/DSC08973-bis.jpg 1198w, https:\/\/burg.azurewebsites.net\/wp-content\/uploads\/2018\/01\/DSC08973-bis-300x200.jpg 300w, https:\/\/burg.azurewebsites.net\/wp-content\/uploads\/2018\/01\/DSC08973-bis-768x513.jpg 768w, https:\/\/burg.azurewebsites.net\/wp-content\/uploads\/2018\/01\/DSC08973-bis-1024x684.jpg 1024w, https:\/\/burg.azurewebsites.net\/wp-content\/uploads\/2018\/01\/DSC08973-bis-600x401.jpg 600w\" sizes=\"(max-width: 1198px) 100vw, 1198px\" \/><\/p>\n<p style=\"text-align: center;\">et la joie n&rsquo;a pas vocation \u00e0 \u00eatre conserv\u00e9e pour soi mais \u00e0 \u00eatre partag\u00e9e.\u00a0\u00bb<\/p>\n<p style=\"text-align: center;\"><a href=\"https:\/\/www.taize.fr\/fr_article23165.html\">Fr\u00e8re Alois &#8211; B\u00e2le &#8211; Dimanche soir 31 d\u00e9cembre 2017<\/a><\/p>\n<p style=\"text-align: center;\"><img loading=\"lazy\" class=\"aligncenter wp-image-46943 size-full\" src=\"http:\/\/burg.azurewebsites.net\/wp-content\/uploads\/2018\/01\/DSC08962-bis.jpg\" alt=\"\" width=\"532\" height=\"800\" srcset=\"https:\/\/burg.azurewebsites.net\/wp-content\/uploads\/2018\/01\/DSC08962-bis.jpg 532w, https:\/\/burg.azurewebsites.net\/wp-content\/uploads\/2018\/01\/DSC08962-bis-200x300.jpg 200w\" sizes=\"(max-width: 532px) 100vw, 532px\" \/><\/p>\n<p style=\"text-align: center;\"><a href=\"https:\/\/www.youtube.com\/watch?v=ZYQzxP_u06Y\">Vid\u00e9oclip Europ\u00e4isches Jugendtreffen Taiz\u00e9-Basel\u00a0<\/a><\/p>\n<p style=\"text-align: center;\"><img loading=\"lazy\" class=\"aligncenter wp-image-46973 size-full\" src=\"http:\/\/burg.azurewebsites.net\/wp-content\/uploads\/2018\/01\/DSC08986-bis.jpg\" alt=\"\" width=\"576\" height=\"800\" srcset=\"https:\/\/burg.azurewebsites.net\/wp-content\/uploads\/2018\/01\/DSC08986-bis.jpg 576w, https:\/\/burg.azurewebsites.net\/wp-content\/uploads\/2018\/01\/DSC08986-bis-216x300.jpg 216w\" sizes=\"(max-width: 576px) 100vw, 576px\" \/><\/p>\n<p style=\"text-align: center;\"><a href=\"https:\/\/www.youtube.com\/watch?v=ux-pASRrVxQ\">Taiz\u00e9-B\u00e2le : l&rsquo;\u00e9lan de la pri\u00e8re<\/a><\/p>\n<p style=\"text-align: center;\">\n","protected":false},"excerpt":{"rendered":"<p>\u00ab\u00a0L&rsquo;\u00eatre humain est fait pour la joie et la joie n&rsquo;a pas vocation \u00e0 \u00eatre conserv\u00e9e pour soi mais \u00e0 \u00eatre partag\u00e9e.\u00a0\u00bb Fr\u00e8re Alois &#8211; B\u00e2le &#8211; Dimanche soir 31 d\u00e9cembre 2017 Vid\u00e9oclip Europ\u00e4isches Jugendtreffen Taiz\u00e9-Basel\u00a0 Taiz\u00e9-B\u00e2le : l&rsquo;\u00e9lan de la pri\u00e8re<\/p>\n","protected":false},"author":11,"featured_media":0,"comment_status":"open","ping_status":"closed","sticky":false,"template":"","format":"image","meta":[],"categories":[221],"tags":[7453,7433,7443],"_links":{"self":[{"href":"https:\/\/burg.azurewebsites.net\/index.php?rest_route=\/wp\/v2\/posts\/46933"}],"collection":[{"href":"https:\/\/burg.azurewebsites.net\/index.php?rest_route=\/wp\/v2\/posts"}],"about":[{"href":"https:\/\/burg.azurewebsites.net\/index.php?rest_route=\/wp\/v2\/types\/post"}],"author":[{"embeddable":true,"href":"https:\/\/burg.azurewebsites.net\/index.php?rest_route=\/wp\/v2\/users\/11"}],"replies":[{"embeddable":true,"href":"https:\/\/burg.azurewebsites.net\/index.php?rest_route=%2Fwp%2Fv2%2Fcomments&post=46933"}],"version-history":[{"count":3,"href":"https:\/\/burg.azurewebsites.net\/index.php?rest_route=\/wp\/v2\/posts\/46933\/revisions"}],"predecessor-version":[{"id":47003,"href":"https:\/\/burg.azurewebsites.net\/index.php?rest_route=\/wp\/v2\/posts\/46933\/revisions\/47003"}],"wp:attachment":[{"href":"https:\/\/burg.azurewebsites.net\/index.php?rest_route=%2Fwp%2Fv2%2Fmedia&parent=46933"}],"wp:term":[{"taxonomy":"category","embeddable":true,"href":"https:\/\/burg.azurewebsites.net\/index.php?rest_route=%2Fwp%2Fv2%2Fcategories&post=46933"},{"taxonomy":"post_tag","embeddable":true,"href":"https:\/\/burg.azurewebsites.net\/index.php?rest_route=%2Fwp%2Fv2%2Ftags&post=46933"}],"curies":[{"name":"wp","href":"https:\/\/api.w.org\/{rel}","templated":true}]}}