{"id":48239,"date":"2019-02-10T05:41:37","date_gmt":"2019-02-10T03:41:37","guid":{"rendered":"http:\/\/burg.azurewebsites.net\/?p=48239"},"modified":"2019-02-13T01:21:56","modified_gmt":"2019-02-12T23:21:56","slug":"tomi-ungerer-essentiellement-alsacien-et-fier-de-letre","status":"publish","type":"post","link":"https:\/\/burg.azurewebsites.net\/?p=48239","title":{"rendered":"Tomi Ungerer, \u00ab\u00a0essentiellement alsacien et fier de l&rsquo;\u00eatre\u00a0\u00bb&#8230;"},"content":{"rendered":"<p style=\"text-align: center;\">Il y a des mots qui marquent pour la vie,<\/p>\n<p style=\"text-align: center;\">des mots qui aident \u00e0 grandir.<\/p>\n<p style=\"text-align: center;\">Merci Tomi Ungerer,<\/p>\n<p style=\"text-align: center;\">merci pour ces quelques lignes que vous avez un jour adress\u00e9es \u00e0 notre fille <a href=\"http:\/\/illustration-burgsarahemmanuelle.blogspot.com\/\">Sarah Emmanuelle<\/a> !<\/p>\n<p style=\"text-align: center;\">___<br \/>\n<img loading=\"lazy\" class=\"aligncenter size-full wp-image-48241\" src=\"http:\/\/burg.azurewebsites.net\/wp-content\/uploads\/2019\/02\/Mot-de-Tomi-Ungerer-\u00e0-Sarah-Burg.jpeg\" alt=\"\" width=\"5633\" height=\"3750\" \/><br \/>\n<img loading=\"lazy\" class=\"aligncenter size-full wp-image-48249\" src=\"http:\/\/burg.azurewebsites.net\/wp-content\/uploads\/2019\/02\/Mot-de-Tomi-Ungerer-pour-Sarah-Burg.jpeg\" alt=\"\" width=\"1202\" height=\"800\" srcset=\"https:\/\/burg.azurewebsites.net\/wp-content\/uploads\/2019\/02\/Mot-de-Tomi-Ungerer-pour-Sarah-Burg.jpeg 1202w, https:\/\/burg.azurewebsites.net\/wp-content\/uploads\/2019\/02\/Mot-de-Tomi-Ungerer-pour-Sarah-Burg-300x200.jpeg 300w, https:\/\/burg.azurewebsites.net\/wp-content\/uploads\/2019\/02\/Mot-de-Tomi-Ungerer-pour-Sarah-Burg-768x511.jpeg 768w, https:\/\/burg.azurewebsites.net\/wp-content\/uploads\/2019\/02\/Mot-de-Tomi-Ungerer-pour-Sarah-Burg-1024x682.jpeg 1024w, https:\/\/burg.azurewebsites.net\/wp-content\/uploads\/2019\/02\/Mot-de-Tomi-Ungerer-pour-Sarah-Burg-600x399.jpeg 600w\" sizes=\"(max-width: 1202px) 100vw, 1202px\" \/><\/p>\n<p style=\"text-align: center;\">__<\/p>\n<p style=\"text-align: center;\"><em>\u00ab\u00a0Je suis vraiment alsacien, j&rsquo;ai mes racines en Alsace et je les ai toujours eues <\/em><\/p>\n<p style=\"text-align: center;\"><em>mais mon branchage je le prom\u00e8ne ailleurs, avec ses fruits.\u00a0<\/em><\/p>\n<p style=\"text-align: center;\"><em>En fin de compte, la nourriture des racines, ma s\u00e8ve est alsacienne.\u00a0\u00bb<\/em><\/p>\n<p style=\"text-align: center;\">\n<img loading=\"lazy\" class=\"aligncenter size-full wp-image-48253\" src=\"http:\/\/burg.azurewebsites.net\/wp-content\/uploads\/2019\/02\/Espoir-T.Ungerer.jpg\" alt=\"\" width=\"747\" height=\"909\" srcset=\"https:\/\/burg.azurewebsites.net\/wp-content\/uploads\/2019\/02\/Espoir-T.Ungerer.jpg 747w, https:\/\/burg.azurewebsites.net\/wp-content\/uploads\/2019\/02\/Espoir-T.Ungerer-247x300.jpg 247w, https:\/\/burg.azurewebsites.net\/wp-content\/uploads\/2019\/02\/Espoir-T.Ungerer-600x730.jpg 600w\" sizes=\"(max-width: 747px) 100vw, 747px\" \/><\/p>\n<p style=\"text-align: center;\">\u00ab\u00a0La mort ne faisait pas peur \u00e0 Tomi Ungerer.<\/p>\n<p style=\"text-align: center;\">\u00ab <em>La mort est un incident comme les autres. Je la vois comme un contr\u00f4leur des douanes : <\/em><\/p>\n<p style=\"text-align: center;\"><em>on doit passer devant elle sans savoir ce qui nous attend de l\u2019autre c\u00f4t\u00e9. <\/em><\/p>\n<p style=\"text-align: center;\"><em>Qui sait, ce sera peut-\u00eatre un \u00e9norme arc-en-ciel ! <\/em><\/p>\n<p style=\"text-align: center;\"><em>C\u2019est quand m\u00eame formidable de ne pas savoir o\u00f9 on va, non ?<\/em> \u00bb,<\/p>\n<p style=\"text-align: center;\">confiait-il au Monde \u00e0 la fin de 2016, \u00e0 l\u2019occasion d\u2019une exposition c\u00e9l\u00e9brant ses 85 ans, organis\u00e9e au mus\u00e9e qui porte son nom, \u00e0 Strasbourg.\u00a0\u00bb<\/p>\n<p style=\"text-align: center;\"><img loading=\"lazy\" class=\"aligncenter size-full wp-image-48252\" src=\"http:\/\/burg.azurewebsites.net\/wp-content\/uploads\/2019\/02\/Chat-dans-la-neige.jpg\" alt=\"\" width=\"375\" height=\"450\" srcset=\"https:\/\/burg.azurewebsites.net\/wp-content\/uploads\/2019\/02\/Chat-dans-la-neige.jpg 375w, https:\/\/burg.azurewebsites.net\/wp-content\/uploads\/2019\/02\/Chat-dans-la-neige-250x300.jpg 250w\" sizes=\"(max-width: 375px) 100vw, 375px\" \/><\/p>\n<p style=\"text-align: center;\"><a href=\"https:\/\/www.franceculture.fr\/emissions\/voix-nue\/tomi-ungerer-15\">https:\/\/www.franceculture.fr\/emissions\/voix-nue\/tomi-ungerer-15<\/a><\/p>\n<p style=\"text-align: center;\">Tomi Ungerer, l&rsquo;enfant terrible (1\/5)<br \/>\nTomi Ungerer : \u00ab\u00a0Le premier devoir qu&rsquo;on m&rsquo;a donn\u00e9 \u00e0 l&rsquo;\u00e9cole : dessiner un Juif\u00a0\u00bb<\/p>\n<p style=\"text-align: center;\"><a href=\"https:\/\/www.franceculture.fr\/emissions\/voix-nue\/tomi-ungerer-25\">https:\/\/www.franceculture.fr\/emissions\/voix-nue\/tomi-ungerer-25<\/a><\/p>\n<p style=\"text-align: center;\">Tomi Ungerer, l&rsquo;enfant terrible (2\/5)<br \/>\nVoir ailleurs<\/p>\n<p style=\"text-align: center;\"><a href=\"https:\/\/www.franceculture.fr\/emissions\/voix-nue\/tomi-ungerer-35\">https:\/\/www.franceculture.fr\/emissions\/voix-nue\/tomi-ungerer-35<\/a><\/p>\n<p style=\"text-align: center;\">Tomi Ungerer, l&rsquo;enfant terrible (3\/5)<br \/>\nL\u2019horlogerie des femmes<\/p>\n<p style=\"text-align: center;\"><a href=\"https:\/\/www.franceculture.fr\/emissions\/voix-nue\/tomi-ungerer-45\">https:\/\/www.franceculture.fr\/emissions\/voix-nue\/tomi-ungerer-45<\/a><\/p>\n<p style=\"text-align: center;\">Tomi Ungerer, l&rsquo;enfant terrible (4\/5)<br \/>\nL&rsquo;enfance et les sortil\u00e8ges de Tomi<\/p>\n<p style=\"text-align: center;\"><a href=\"https:\/\/www.franceculture.fr\/emissions\/voix-nue\/tomi-ungerer-55\">https:\/\/www.franceculture.fr\/emissions\/voix-nue\/tomi-ungerer-55<\/a><\/p>\n<p style=\"text-align: center;\">Tomi Ungerer, l&rsquo;enfant terrible (5\/5)<br \/>\nJanus l&rsquo;Alsacien<\/p>\n<p style=\"text-align: center;\"><a href=\"https:\/\/www.ecoledesloisirs.fr\/sites\/default\/files\/auteurs_pdf\/ungerer.pdf\">Tomi Ungerer par Th\u00e9r\u00e8se Willer (Conservatrice du Mus\u00e9e Tomi Ungerer \u00e0 Strasbourg)<\/a><\/p>\n","protected":false},"excerpt":{"rendered":"<p>Il y a des mots qui marquent pour la vie, des mots qui aident \u00e0 grandir. Merci Tomi Ungerer, merci pour ces quelques lignes que vous avez un jour adress\u00e9es \u00e0 notre fille Sarah Emmanuelle ! ___ __ \u00ab\u00a0Je suis vraiment alsacien, j&rsquo;ai mes racines en Alsace et je les ai toujours eues mais mon&#8230; <\/p>\n<div class=\"read-more navbutton\"><a href=\"https:\/\/burg.azurewebsites.net\/?p=48239\">Lire la suite<i class=\"fa fa-angle-double-right\"><\/i><\/a><\/div>\n","protected":false},"author":11,"featured_media":0,"comment_status":"open","ping_status":"closed","sticky":false,"template":"","format":"image","meta":[],"categories":[221],"tags":[6773],"_links":{"self":[{"href":"https:\/\/burg.azurewebsites.net\/index.php?rest_route=\/wp\/v2\/posts\/48239"}],"collection":[{"href":"https:\/\/burg.azurewebsites.net\/index.php?rest_route=\/wp\/v2\/posts"}],"about":[{"href":"https:\/\/burg.azurewebsites.net\/index.php?rest_route=\/wp\/v2\/types\/post"}],"author":[{"embeddable":true,"href":"https:\/\/burg.azurewebsites.net\/index.php?rest_route=\/wp\/v2\/users\/11"}],"replies":[{"embeddable":true,"href":"https:\/\/burg.azurewebsites.net\/index.php?rest_route=%2Fwp%2Fv2%2Fcomments&post=48239"}],"version-history":[{"count":10,"href":"https:\/\/burg.azurewebsites.net\/index.php?rest_route=\/wp\/v2\/posts\/48239\/revisions"}],"predecessor-version":[{"id":48254,"href":"https:\/\/burg.azurewebsites.net\/index.php?rest_route=\/wp\/v2\/posts\/48239\/revisions\/48254"}],"wp:attachment":[{"href":"https:\/\/burg.azurewebsites.net\/index.php?rest_route=%2Fwp%2Fv2%2Fmedia&parent=48239"}],"wp:term":[{"taxonomy":"category","embeddable":true,"href":"https:\/\/burg.azurewebsites.net\/index.php?rest_route=%2Fwp%2Fv2%2Fcategories&post=48239"},{"taxonomy":"post_tag","embeddable":true,"href":"https:\/\/burg.azurewebsites.net\/index.php?rest_route=%2Fwp%2Fv2%2Ftags&post=48239"}],"curies":[{"name":"wp","href":"https:\/\/api.w.org\/{rel}","templated":true}]}}