{"id":48373,"date":"2019-05-21T20:01:36","date_gmt":"2019-05-21T18:01:36","guid":{"rendered":"http:\/\/burg.azurewebsites.net\/?p=48373"},"modified":"2019-05-21T20:02:48","modified_gmt":"2019-05-21T18:02:48","slug":"faisons-preuve-dhumanite-et-dhumilite","status":"publish","type":"post","link":"https:\/\/burg.azurewebsites.net\/?p=48373","title":{"rendered":"Faisons preuve d&rsquo;humanit\u00e9 et d&rsquo;humilit\u00e9&#8230;"},"content":{"rendered":"<p>Beaucoup de bruit autour de \u00ab\u00a0l&rsquo;affaire Vincent Lambert\u00a0\u00bb, trop de bruit !<\/p>\n<p>Alors que cet homme et son \u00e9pouse auraient s\u00fbrement juste soif de paix, d&rsquo;amour et de silence\u2026 ainsi que l&rsquo;\u00e9quipe m\u00e9dicale qui les entoure.<\/p>\n<p>Je livre \u00e0 votre r\u00e9flexion un bel article paru dans <strong>La Croix<\/strong> de ce soir (\u00e9dition de 19h) :<\/p>\n<p><em>\u00a0Il y a beaucoup de violences autour de Vincent Lambert. Or autour d\u2019un malade, de tout malade, mais surtout d\u2019une personne dans une telle fragilit\u00e9 de vie, il faut de l\u2019humanit\u00e9 et de l\u2019humilit\u00e9. Elles sont certainement pr\u00e9sentes chez certains dans sa famille et chez les soignants qui l\u2019entourent depuis une dizaine d\u2019ann\u00e9es.<\/em><\/p>\n<p><em><strong>Toutes les positions sont instrumentalis\u00e9es<\/strong><\/em><br \/>\n<em>Il y a la violence familiale\u2009: la famille est en effet d\u00e9chir\u00e9e entre, d\u2019un c\u00f4t\u00e9 les parents du patient qui s\u2019opposent \u00e0 l\u2019arr\u00eat des soins et, de l\u2019autre, son \u00e9pouse et des fr\u00e8res et s\u0153urs qui d\u00e9noncent un acharnement th\u00e9rapeutique. Comme le souligne la th\u00e9ologienne V\u00e9ronique Margron\u2009: \u00ab il n\u2019y a plus de bonne d\u00e9cision \u00bb. Elle d\u00e9plore\u2009: \u00ab la fa\u00e7on dont les proches n\u2019ont pas pu ou voulu se mettre d\u2019accord et leur choix de se saisir de l\u2019opinion pour construire deux camps \u00bb.<\/em><\/p>\n<p><em>Nous ne sommes plus dans un d\u00e9bat serein sur des questions \u00e9thiques. Toutes les positions, tous les arguments, y compris religieux, sont instrumentalis\u00e9s par cette violence intrafamiliale et deviennent id\u00e9ologiques. Un questionnement plut\u00f4t que des affirmations serait bienvenue, \u00e0 commencer chez les catholiques.<\/em><\/p>\n<p><em><strong>L\u2019importance des directives anticip\u00e9es<\/strong><\/em><br \/>\n<em>Il y a la violence de ceux et celles qui savent pour les autres, \u00e0 commencer pour Vincent Lambert, mais aussi pour son \u00e9pouse. Quelle violence\u2009! Certes il ne peut plus s\u2019exprimer. C\u2019est l\u2019occasion de rappeler l\u2019importance des directives anticip\u00e9es. Lors d\u2019une r\u00e9union avec des soignants \u00e0 l\u2019h\u00f4pital sur ce sujet, quelqu\u2019un a mis en doute la possibilit\u00e9 pour chacun d\u2019anticiper sa fin de vie. C\u2019est vrai que c\u2019est une chose de parler ou d\u2019\u00e9crire quand on est en bonne sant\u00e9, et c\u2019est autre chose de savoir ce qu\u2019on veut quand on sera dans un lit entour\u00e9 de tuyaux\u2009!!! Cependant, c\u2019est vrai aussi que ma fa\u00e7on de prendre ma vie en main, mes choix \u00e9thiques, ma conception de la vie et de la mort, peuvent l\u00e9gitimer une pens\u00e9e pour le jour o\u00f9 je serai en fin de vie, peut-\u00eatre sans la possibilit\u00e9 de m\u2019exprimer.<\/em><\/p>\n<p><em>Dans le d\u00e9bat que suscite Vincent Lambert, avant d\u2019affirmer la loi ou des imp\u00e9ratifs, posons-nous la question\u2009: moi demain, \u00e9v\u00eaque, pr\u00eatre, la\u00efc, croyant ou non croyant, je suis dans l\u2019\u00e9tat de Vincent Lambert, qu\u2019est ce que je souhaite\u2009? Est-ce que pour moi une vie v\u00e9g\u00e9tative, nourrie et hydrat\u00e9e artificiellement, avec un enc\u00e9phalogramme plat, entretenue par une machine, est une vie\u2009? Il est bon de r\u00e9pondre \u00e0 cette question pour moi-m\u00eame, de l\u2019\u00e9crire, afin d\u2019\u00e9viter ces d\u00e9chirements familiaux qui polluent tout discernement et afin de ne pas faire aux autres ce qu\u2019on ne voudrait pas qu\u2019on nous fasse. Est-ce faute contre la vie que de penser et d\u00e9cider de ne pas \u00eatre prolong\u00e9 artificiellement par quelque machine que ce soit\u2009? Deux expertises m\u00e9dicales diff\u00e9rentes ont diagnostiqu\u00e9 la conscience minimale de Vincent sans espoir d\u2019am\u00e9lioration et le caract\u00e8re irr\u00e9versible des l\u00e9sions c\u00e9r\u00e9brales.<\/em><\/p>\n<p><em>Sur le plan m\u00e9dical, la loi permet dans notre pays, d\u2019arr\u00eater sans souffrances suppl\u00e9mentaires les traitements actifs et l\u2019alimentation dans de tels cas, permettant \u00e0 la mort de s\u2019installer naturellement. Il ne s\u2019agit pas dans ce cas d\u2019euthanasie. Et on peut \u00eatre grand d\u00e9fenseur de la vie la plus fragile, de la conception dans le ventre de la maman jusqu\u2019\u00e0 la mort, sans \u00eatre dans l\u2019id\u00e9ologie d\u2019un acharnement artificiel.<\/em><\/p>\n<p><em><strong>Les plus fragiles payent le prix fort<\/strong><\/em><br \/>\n<em>Soyons d\u2019autant plus humains que les progr\u00e8s technologiques nous mettent devant des choix plus difficiles qu\u2019il y a seulement quelques dizaines d\u2019ann\u00e9es. Les avanc\u00e9es technologiques, les progr\u00e8s de la m\u00e9decine, le r\u00e8gne de l\u2019efficacit\u00e9 \u00e0 tout prix, nous font courir le risque d\u2019une d\u00e9shumanisation. Et les plus fragiles, les personnes \u00e2g\u00e9es, handicap\u00e9es, malades ou migrantes, en payent le prix fort.<\/em><\/p>\n<p><em><strong>Vivre toujours mieux mes relations<\/strong><\/em><br \/>\n<em>Le croyant que je suis, essaye de mettre sa vie dans la main de Dieu et non<\/em> <em>d\u2019ob\u00e9ir \u00e0 une quelconque id\u00e9ologie y compris religieuse. La question qui m\u2019habite n\u2019est pas de vivre co\u00fbte que co\u00fbte, mais de vivre toujours mieux mes relations. Plus la fin approche, plus je suis \u00e9veill\u00e9 sur la qualit\u00e9 de mes relations. R\u00e9cemment, un homme en fin de vie refusait certains calmants pour rester conscient et dans la relation avec ses proches\u2009! Que dire quand l\u2019acharnement du prolongement oublie, ab\u00eeme, d\u00e9truit les relations du c\u0153ur, cela seul qui fait que la vie est sacr\u00e9e et digne d\u2019\u00eatre v\u00e9cue\u2009? En tous les cas, ne jugeons pas. Ne nous substituons pas aux consciences. Mais parlons entre nous, sereinement, pour nous aider sans oublier l\u2019\u00e9clairage de l\u2019\u00c9vangile du Christ.<\/em><\/p>\n<p><em>Baudoin de Beauvais, aum\u00f4nier d\u2019h\u00f4pital au Centre de Meulan\/Les Mureaux.<\/em><\/p>\n<p>&nbsp;<\/p>\n","protected":false},"excerpt":{"rendered":"<p>Beaucoup de bruit autour de \u00ab\u00a0l&rsquo;affaire Vincent Lambert\u00a0\u00bb, trop de bruit ! Alors que cet homme et son \u00e9pouse auraient s\u00fbrement juste soif de paix, d&rsquo;amour et de silence\u2026 ainsi que l&rsquo;\u00e9quipe m\u00e9dicale qui les entoure. Je livre \u00e0 votre r\u00e9flexion un bel article paru dans La Croix de ce soir (\u00e9dition de 19h) :&#8230; <\/p>\n<div class=\"read-more navbutton\"><a href=\"https:\/\/burg.azurewebsites.net\/?p=48373\">Lire la suite<i class=\"fa fa-angle-double-right\"><\/i><\/a><\/div>\n","protected":false},"author":11,"featured_media":0,"comment_status":"open","ping_status":"closed","sticky":false,"template":"","format":"image","meta":[],"categories":[221],"tags":[],"_links":{"self":[{"href":"https:\/\/burg.azurewebsites.net\/index.php?rest_route=\/wp\/v2\/posts\/48373"}],"collection":[{"href":"https:\/\/burg.azurewebsites.net\/index.php?rest_route=\/wp\/v2\/posts"}],"about":[{"href":"https:\/\/burg.azurewebsites.net\/index.php?rest_route=\/wp\/v2\/types\/post"}],"author":[{"embeddable":true,"href":"https:\/\/burg.azurewebsites.net\/index.php?rest_route=\/wp\/v2\/users\/11"}],"replies":[{"embeddable":true,"href":"https:\/\/burg.azurewebsites.net\/index.php?rest_route=%2Fwp%2Fv2%2Fcomments&post=48373"}],"version-history":[{"count":1,"href":"https:\/\/burg.azurewebsites.net\/index.php?rest_route=\/wp\/v2\/posts\/48373\/revisions"}],"predecessor-version":[{"id":48374,"href":"https:\/\/burg.azurewebsites.net\/index.php?rest_route=\/wp\/v2\/posts\/48373\/revisions\/48374"}],"wp:attachment":[{"href":"https:\/\/burg.azurewebsites.net\/index.php?rest_route=%2Fwp%2Fv2%2Fmedia&parent=48373"}],"wp:term":[{"taxonomy":"category","embeddable":true,"href":"https:\/\/burg.azurewebsites.net\/index.php?rest_route=%2Fwp%2Fv2%2Fcategories&post=48373"},{"taxonomy":"post_tag","embeddable":true,"href":"https:\/\/burg.azurewebsites.net\/index.php?rest_route=%2Fwp%2Fv2%2Ftags&post=48373"}],"curies":[{"name":"wp","href":"https:\/\/api.w.org\/{rel}","templated":true}]}}