{"id":48583,"date":"2019-08-25T02:37:13","date_gmt":"2019-08-25T00:37:13","guid":{"rendered":"http:\/\/burg.azurewebsites.net\/?p=48583"},"modified":"2019-08-25T03:04:08","modified_gmt":"2019-08-25T01:04:08","slug":"art-contemporain","status":"publish","type":"post","link":"https:\/\/burg.azurewebsites.net\/?p=48583","title":{"rendered":"Art contemporain"},"content":{"rendered":"<p><img loading=\"lazy\" class=\"aligncenter size-full wp-image-48584\" src=\"http:\/\/burg.azurewebsites.net\/wp-content\/uploads\/2019\/08\/DSC07128.jpg\" alt=\"\" width=\"1275\" height=\"800\" srcset=\"https:\/\/burg.azurewebsites.net\/wp-content\/uploads\/2019\/08\/DSC07128.jpg 1275w, https:\/\/burg.azurewebsites.net\/wp-content\/uploads\/2019\/08\/DSC07128-300x188.jpg 300w, https:\/\/burg.azurewebsites.net\/wp-content\/uploads\/2019\/08\/DSC07128-768x482.jpg 768w, https:\/\/burg.azurewebsites.net\/wp-content\/uploads\/2019\/08\/DSC07128-1024x643.jpg 1024w, https:\/\/burg.azurewebsites.net\/wp-content\/uploads\/2019\/08\/DSC07128-600x376.jpg 600w\" sizes=\"(max-width: 1275px) 100vw, 1275px\" \/><\/p>\n<p>&nbsp;<\/p>\n<p style=\"text-align: center;\"><a href=\"https:\/\/www.arte.tv\/fr\/videos\/090963-000-A\/l-art-sensoriel-de-celeste-boursier-mougenot\/\">Une installation pour les yeux et les oreilles,<\/a><\/p>\n<p style=\"text-align: center;\">une installation pour grands et petits.<\/p>\n<p style=\"text-align: center;\">Les bols deviennent instruments de musique,<\/p>\n<p style=\"text-align: center;\">se meuvent et se percutent tout en douceur<\/p>\n<p style=\"text-align: center;\">dans une chor\u00e9graphie aquatique reposante et sans cesse renouvel\u00e9e.<\/p>\n<p>&nbsp;<\/p>\n<p style=\"text-align: center;\">___<\/p>\n<p>&nbsp;<\/p>\n<p style=\"text-align: center;\"><a href=\"https:\/\/www.arte.tv\/fr\/videos\/090963-000-A\/l-art-sensoriel-de-celeste-boursier-mougenot\/\">Exposition Liquide-Liquide<\/a><\/p>\n<p style=\"text-align: center;\">C\u00e9leste Boursier-Mougenot<\/p>\n<p style=\"text-align: center;\">Fondation Fran\u00e7ois Schneider<\/p>\n<p style=\"text-align: center;\">du 7 juin au 22 septembre 2019<\/p>\n<p style=\"text-align: center;\">Centre d&rsquo;art, 27 Rue de la Premi\u00e8re Arm\u00e9e<\/p>\n<p style=\"text-align: center;\">68700 Wattwiller<\/p>\n","protected":false},"excerpt":{"rendered":"<p>&nbsp; Une installation pour les yeux et les oreilles, une installation pour grands et petits. Les bols deviennent instruments de musique, se meuvent et se percutent tout en douceur dans une chor\u00e9graphie aquatique reposante et sans cesse renouvel\u00e9e. &nbsp; ___ &nbsp; Exposition Liquide-Liquide C\u00e9leste Boursier-Mougenot Fondation Fran\u00e7ois Schneider du 7 juin au 22 septembre 2019&#8230; <\/p>\n<div class=\"read-more navbutton\"><a href=\"https:\/\/burg.azurewebsites.net\/?p=48583\">Lire la suite<i class=\"fa fa-angle-double-right\"><\/i><\/a><\/div>\n","protected":false},"author":11,"featured_media":0,"comment_status":"open","ping_status":"closed","sticky":false,"template":"","format":"image","meta":[],"categories":[251],"tags":[7655,7656],"_links":{"self":[{"href":"https:\/\/burg.azurewebsites.net\/index.php?rest_route=\/wp\/v2\/posts\/48583"}],"collection":[{"href":"https:\/\/burg.azurewebsites.net\/index.php?rest_route=\/wp\/v2\/posts"}],"about":[{"href":"https:\/\/burg.azurewebsites.net\/index.php?rest_route=\/wp\/v2\/types\/post"}],"author":[{"embeddable":true,"href":"https:\/\/burg.azurewebsites.net\/index.php?rest_route=\/wp\/v2\/users\/11"}],"replies":[{"embeddable":true,"href":"https:\/\/burg.azurewebsites.net\/index.php?rest_route=%2Fwp%2Fv2%2Fcomments&post=48583"}],"version-history":[{"count":5,"href":"https:\/\/burg.azurewebsites.net\/index.php?rest_route=\/wp\/v2\/posts\/48583\/revisions"}],"predecessor-version":[{"id":48589,"href":"https:\/\/burg.azurewebsites.net\/index.php?rest_route=\/wp\/v2\/posts\/48583\/revisions\/48589"}],"wp:attachment":[{"href":"https:\/\/burg.azurewebsites.net\/index.php?rest_route=%2Fwp%2Fv2%2Fmedia&parent=48583"}],"wp:term":[{"taxonomy":"category","embeddable":true,"href":"https:\/\/burg.azurewebsites.net\/index.php?rest_route=%2Fwp%2Fv2%2Fcategories&post=48583"},{"taxonomy":"post_tag","embeddable":true,"href":"https:\/\/burg.azurewebsites.net\/index.php?rest_route=%2Fwp%2Fv2%2Ftags&post=48583"}],"curies":[{"name":"wp","href":"https:\/\/api.w.org\/{rel}","templated":true}]}}