{"id":48643,"date":"2019-09-21T04:46:04","date_gmt":"2019-09-21T02:46:04","guid":{"rendered":"http:\/\/burg.azurewebsites.net\/?p=48643"},"modified":"2019-09-21T04:46:04","modified_gmt":"2019-09-21T02:46:04","slug":"nuit-noire-nuit-lumineuse","status":"publish","type":"post","link":"https:\/\/burg.azurewebsites.net\/?p=48643","title":{"rendered":"Nuit noire, Nuit lumineuse &#8230;"},"content":{"rendered":"<p style=\"text-align: center;\"><img loading=\"lazy\" class=\"aligncenter size-full wp-image-48644\" src=\"http:\/\/burg.azurewebsites.net\/wp-content\/uploads\/2019\/09\/DSC05043.jpg\" alt=\"\" width=\"668\" height=\"1000\" srcset=\"https:\/\/burg.azurewebsites.net\/wp-content\/uploads\/2019\/09\/DSC05043.jpg 668w, https:\/\/burg.azurewebsites.net\/wp-content\/uploads\/2019\/09\/DSC05043-200x300.jpg 200w, https:\/\/burg.azurewebsites.net\/wp-content\/uploads\/2019\/09\/DSC05043-600x898.jpg 600w\" sizes=\"(max-width: 668px) 100vw, 668px\" \/><\/p>\n<p>&nbsp;<\/p>\n<p style=\"text-align: center;\">La nuit, m\u00eame la plus obscure, est travers\u00e9e de lumi\u00e8re.<\/p>\n<p>&nbsp;<\/p>\n<p style=\"text-align: center;\"><img loading=\"lazy\" class=\"aligncenter size-full wp-image-48645\" src=\"http:\/\/burg.azurewebsites.net\/wp-content\/uploads\/2019\/09\/DSC05062.jpg\" alt=\"\" width=\"1422\" height=\"800\" srcset=\"https:\/\/burg.azurewebsites.net\/wp-content\/uploads\/2019\/09\/DSC05062.jpg 1422w, https:\/\/burg.azurewebsites.net\/wp-content\/uploads\/2019\/09\/DSC05062-300x169.jpg 300w, https:\/\/burg.azurewebsites.net\/wp-content\/uploads\/2019\/09\/DSC05062-768x432.jpg 768w, https:\/\/burg.azurewebsites.net\/wp-content\/uploads\/2019\/09\/DSC05062-1024x576.jpg 1024w, https:\/\/burg.azurewebsites.net\/wp-content\/uploads\/2019\/09\/DSC05062-600x338.jpg 600w\" sizes=\"(max-width: 1422px) 100vw, 1422px\" \/><\/p>\n<p>&nbsp;<\/p>\n<p style=\"text-align: center;\">\u00ab\u00a0La nuit nous inspire, nous fascine, nous \u00e9merveille.<\/p>\n<p style=\"text-align: center;\">Quelle que soit notre approche, scientifique ou artistique, philosophique ou th\u00e9ologique,<\/p>\n<p style=\"text-align: center;\">la part d&rsquo;humanit\u00e9 qui est en chacun de nous entre toujours, \u00e0 un moment ou un autre de notre existence, en r\u00e9sonance avec l&rsquo;immensit\u00e9 de la nuit.\u00a0\u00bb<\/p>\n<p style=\"text-align: center;\"><a href=\"https:\/\/www.lemonde.fr\/idees\/article\/2012\/06\/25\/non-la-nuit-n-est-pas-noire_1723675_3232.html\">Herv\u00e9 Dole<\/a><\/p>\n","protected":false},"excerpt":{"rendered":"<p>&nbsp; La nuit, m\u00eame la plus obscure, est travers\u00e9e de lumi\u00e8re. &nbsp; &nbsp; \u00ab\u00a0La nuit nous inspire, nous fascine, nous \u00e9merveille. Quelle que soit notre approche, scientifique ou artistique, philosophique ou th\u00e9ologique, la part d&rsquo;humanit\u00e9 qui est en chacun de nous entre toujours, \u00e0 un moment ou un autre de notre existence, en r\u00e9sonance avec&#8230; <\/p>\n<div class=\"read-more navbutton\"><a href=\"https:\/\/burg.azurewebsites.net\/?p=48643\">Lire la suite<i class=\"fa fa-angle-double-right\"><\/i><\/a><\/div>\n","protected":false},"author":11,"featured_media":0,"comment_status":"open","ping_status":"closed","sticky":false,"template":"","format":"image","meta":[],"categories":[231],"tags":[7671,7672],"_links":{"self":[{"href":"https:\/\/burg.azurewebsites.net\/index.php?rest_route=\/wp\/v2\/posts\/48643"}],"collection":[{"href":"https:\/\/burg.azurewebsites.net\/index.php?rest_route=\/wp\/v2\/posts"}],"about":[{"href":"https:\/\/burg.azurewebsites.net\/index.php?rest_route=\/wp\/v2\/types\/post"}],"author":[{"embeddable":true,"href":"https:\/\/burg.azurewebsites.net\/index.php?rest_route=\/wp\/v2\/users\/11"}],"replies":[{"embeddable":true,"href":"https:\/\/burg.azurewebsites.net\/index.php?rest_route=%2Fwp%2Fv2%2Fcomments&post=48643"}],"version-history":[{"count":1,"href":"https:\/\/burg.azurewebsites.net\/index.php?rest_route=\/wp\/v2\/posts\/48643\/revisions"}],"predecessor-version":[{"id":48646,"href":"https:\/\/burg.azurewebsites.net\/index.php?rest_route=\/wp\/v2\/posts\/48643\/revisions\/48646"}],"wp:attachment":[{"href":"https:\/\/burg.azurewebsites.net\/index.php?rest_route=%2Fwp%2Fv2%2Fmedia&parent=48643"}],"wp:term":[{"taxonomy":"category","embeddable":true,"href":"https:\/\/burg.azurewebsites.net\/index.php?rest_route=%2Fwp%2Fv2%2Fcategories&post=48643"},{"taxonomy":"post_tag","embeddable":true,"href":"https:\/\/burg.azurewebsites.net\/index.php?rest_route=%2Fwp%2Fv2%2Ftags&post=48643"}],"curies":[{"name":"wp","href":"https:\/\/api.w.org\/{rel}","templated":true}]}}