{"id":49148,"date":"2020-03-26T06:03:40","date_gmt":"2020-03-26T04:03:40","guid":{"rendered":"http:\/\/burg.azurewebsites.net\/?p=49148"},"modified":"2020-03-26T06:05:11","modified_gmt":"2020-03-26T04:05:11","slug":"fermer-les-yeux-et-ecouter-2","status":"publish","type":"post","link":"https:\/\/burg.azurewebsites.net\/?p=49148","title":{"rendered":"Fermer les yeux et \u00e9couter"},"content":{"rendered":"<p>&nbsp;<\/p>\n<p style=\"text-align: center;\"><a href=\"https:\/\/www.youtube.com\/watch?v=PVGuuOYJj6s&amp;feature=youtu.be&amp;fbclid=IwAR0Shj-iPPI7H4H24GWqlPcmKTudYwsd5Am24114C3xkhdidx162yD_H0gc\"><span style=\"color: #000000;\"><strong>B.Righetti : J.S.Bach &amp; G.Liardon, Christ lag in Todesbanden<\/strong><\/span><\/a><\/p>\n<p>&nbsp;<\/p>\n<p style=\"text-align: center;\"><span style=\"color: #0000ff;\">\u00ab\u00a0Au milieu du temps de Car\u00eame, <\/span><\/p>\n<p style=\"text-align: center;\"><span style=\"color: #0000ff;\">les circonstances actuelles me donnent envie de d\u00e9j\u00e0 chanter P\u00e2ques et la r\u00e9surrection, sans attendre. <\/span><\/p>\n<p style=\"text-align: center;\"><span style=\"color: #0000ff;\">La mort n&rsquo;aura pas le dernier mot, <\/span><\/p>\n<p style=\"text-align: center;\"><span style=\"color: #0000ff;\">la Vie l&#8217;emporte et l&#8217;emportera.\u00a0\u00bb\u00a0<\/span><\/p>\n<p style=\"text-align: center;\"><a href=\"https:\/\/www.facebook.com\/benjamin.righetti\/?__tn__=kC-R&amp;eid=ARCTIqH1vn5mQuTTymQkZrBckyik_b0zqJ3A7NeVmLMrEi4utx6kOT4NWmjQasXSDHdNkf6aJPYFdq5K&amp;hc_ref=ARQCrD_I34-ThB_V5ZKjO-Mr0jD8I-ZTrHdGE6mpUD4MHoPYQKXW9qOqdY7XdAAo8F8&amp;fref=nf\"><span style=\"color: #0000ff;\">B.Righetti<\/span><\/a><\/p>\n<p>&nbsp;<\/p>\n<p style=\"text-align: center;\"><a href=\"https:\/\/www.youtube.com\/watch?v=PVGuuOYJj6s&amp;feature=youtu.be&amp;fbclid=IwAR0Shj-iPPI7H4H24GWqlPcmKTudYwsd5Am24114C3xkhdidx162yD_H0gc\">Enregistr\u00e9 \u00e0 l&rsquo;\u00e9glise Saint-Fran\u00e7ois, \u00e0 Lausanne (Suisse), le 21 mars 2020.\u00a0\u00bb\u00a0<\/a><\/p>\n","protected":false},"excerpt":{"rendered":"<p>&nbsp; B.Righetti : J.S.Bach &amp; G.Liardon, Christ lag in Todesbanden &nbsp; \u00ab\u00a0Au milieu du temps de Car\u00eame, les circonstances actuelles me donnent envie de d\u00e9j\u00e0 chanter P\u00e2ques et la r\u00e9surrection, sans attendre. La mort n&rsquo;aura pas le dernier mot, la Vie l&#8217;emporte et l&#8217;emportera.\u00a0\u00bb\u00a0 B.Righetti &nbsp; Enregistr\u00e9 \u00e0 l&rsquo;\u00e9glise Saint-Fran\u00e7ois, \u00e0 Lausanne (Suisse), le 21&#8230; <\/p>\n<div class=\"read-more navbutton\"><a href=\"https:\/\/burg.azurewebsites.net\/?p=49148\">Lire la suite<i class=\"fa fa-angle-double-right\"><\/i><\/a><\/div>\n","protected":false},"author":11,"featured_media":0,"comment_status":"open","ping_status":"closed","sticky":false,"template":"","format":"video","meta":[],"categories":[251,221],"tags":[],"_links":{"self":[{"href":"https:\/\/burg.azurewebsites.net\/index.php?rest_route=\/wp\/v2\/posts\/49148"}],"collection":[{"href":"https:\/\/burg.azurewebsites.net\/index.php?rest_route=\/wp\/v2\/posts"}],"about":[{"href":"https:\/\/burg.azurewebsites.net\/index.php?rest_route=\/wp\/v2\/types\/post"}],"author":[{"embeddable":true,"href":"https:\/\/burg.azurewebsites.net\/index.php?rest_route=\/wp\/v2\/users\/11"}],"replies":[{"embeddable":true,"href":"https:\/\/burg.azurewebsites.net\/index.php?rest_route=%2Fwp%2Fv2%2Fcomments&post=49148"}],"version-history":[{"count":9,"href":"https:\/\/burg.azurewebsites.net\/index.php?rest_route=\/wp\/v2\/posts\/49148\/revisions"}],"predecessor-version":[{"id":49157,"href":"https:\/\/burg.azurewebsites.net\/index.php?rest_route=\/wp\/v2\/posts\/49148\/revisions\/49157"}],"wp:attachment":[{"href":"https:\/\/burg.azurewebsites.net\/index.php?rest_route=%2Fwp%2Fv2%2Fmedia&parent=49148"}],"wp:term":[{"taxonomy":"category","embeddable":true,"href":"https:\/\/burg.azurewebsites.net\/index.php?rest_route=%2Fwp%2Fv2%2Fcategories&post=49148"},{"taxonomy":"post_tag","embeddable":true,"href":"https:\/\/burg.azurewebsites.net\/index.php?rest_route=%2Fwp%2Fv2%2Ftags&post=49148"}],"curies":[{"name":"wp","href":"https:\/\/api.w.org\/{rel}","templated":true}]}}