{"id":49414,"date":"2020-05-03T03:01:45","date_gmt":"2020-05-03T01:01:45","guid":{"rendered":"http:\/\/burg.azurewebsites.net\/?p=49414"},"modified":"2020-05-03T03:54:40","modified_gmt":"2020-05-03T01:54:40","slug":"covid-19-etre-confine-dans-la-rue","status":"publish","type":"post","link":"https:\/\/burg.azurewebsites.net\/?p=49414","title":{"rendered":"Covid 19 : \u00catre confin\u00e9 dans la rue"},"content":{"rendered":"<p>&nbsp;<\/p>\n<p style=\"text-align: center;\"><img loading=\"lazy\" class=\"aligncenter size-full wp-image-49421\" src=\"http:\/\/burg.azurewebsites.net\/wp-content\/uploads\/2020\/05\/DSC03058-2.jpg\" alt=\"\" width=\"1200\" height=\"800\" srcset=\"https:\/\/burg.azurewebsites.net\/wp-content\/uploads\/2020\/05\/DSC03058-2.jpg 1200w, https:\/\/burg.azurewebsites.net\/wp-content\/uploads\/2020\/05\/DSC03058-2-300x200.jpg 300w, https:\/\/burg.azurewebsites.net\/wp-content\/uploads\/2020\/05\/DSC03058-2-768x512.jpg 768w, https:\/\/burg.azurewebsites.net\/wp-content\/uploads\/2020\/05\/DSC03058-2-1024x683.jpg 1024w, https:\/\/burg.azurewebsites.net\/wp-content\/uploads\/2020\/05\/DSC03058-2-600x400.jpg 600w\" sizes=\"(max-width: 1200px) 100vw, 1200px\" \/><\/p>\n<p>&nbsp;<\/p>\n<p style=\"text-align: center;\">confin\u00e9 derri\u00e8re ses sacs \u00e0 deux pas de la coll\u00e9giale <a href=\"https:\/\/fr.wikipedia.org\/wiki\/Martin_de_Tours\">St Martin<\/a>&#8230;<\/p>\n<p style=\"text-align: center;\">\u00a0et qu&rsquo;en sera-t-il demain et apr\u00e8s demain ?<\/p>\n<p>&nbsp;<\/p>\n<p style=\"text-align: center;\"><img loading=\"lazy\" class=\"aligncenter size-full wp-image-49415\" src=\"http:\/\/burg.azurewebsites.net\/wp-content\/uploads\/2020\/05\/DSC03020.jpg\" alt=\"\" width=\"1423\" height=\"800\" srcset=\"https:\/\/burg.azurewebsites.net\/wp-content\/uploads\/2020\/05\/DSC03020.jpg 1423w, https:\/\/burg.azurewebsites.net\/wp-content\/uploads\/2020\/05\/DSC03020-300x169.jpg 300w, https:\/\/burg.azurewebsites.net\/wp-content\/uploads\/2020\/05\/DSC03020-768x432.jpg 768w, https:\/\/burg.azurewebsites.net\/wp-content\/uploads\/2020\/05\/DSC03020-1024x576.jpg 1024w, https:\/\/burg.azurewebsites.net\/wp-content\/uploads\/2020\/05\/DSC03020-600x337.jpg 600w\" sizes=\"(max-width: 1423px) 100vw, 1423px\" \/><\/p>\n<p style=\"text-align: center;\">Merci \u00e0 toi, homme SDF, qui m&rsquo;a autoris\u00e9e \u00e0 prendre cette photo.<\/p>\n","protected":false},"excerpt":{"rendered":"<p>&nbsp; &nbsp; confin\u00e9 derri\u00e8re ses sacs \u00e0 deux pas de la coll\u00e9giale St Martin&#8230; \u00a0et qu&rsquo;en sera-t-il demain et apr\u00e8s demain ? &nbsp; Merci \u00e0 toi, homme SDF, qui m&rsquo;a autoris\u00e9e \u00e0 prendre cette photo.<\/p>\n","protected":false},"author":11,"featured_media":0,"comment_status":"open","ping_status":"closed","sticky":false,"template":"","format":"image","meta":[],"categories":[221],"tags":[7848,7849],"_links":{"self":[{"href":"https:\/\/burg.azurewebsites.net\/index.php?rest_route=\/wp\/v2\/posts\/49414"}],"collection":[{"href":"https:\/\/burg.azurewebsites.net\/index.php?rest_route=\/wp\/v2\/posts"}],"about":[{"href":"https:\/\/burg.azurewebsites.net\/index.php?rest_route=\/wp\/v2\/types\/post"}],"author":[{"embeddable":true,"href":"https:\/\/burg.azurewebsites.net\/index.php?rest_route=\/wp\/v2\/users\/11"}],"replies":[{"embeddable":true,"href":"https:\/\/burg.azurewebsites.net\/index.php?rest_route=%2Fwp%2Fv2%2Fcomments&post=49414"}],"version-history":[{"count":8,"href":"https:\/\/burg.azurewebsites.net\/index.php?rest_route=\/wp\/v2\/posts\/49414\/revisions"}],"predecessor-version":[{"id":49424,"href":"https:\/\/burg.azurewebsites.net\/index.php?rest_route=\/wp\/v2\/posts\/49414\/revisions\/49424"}],"wp:attachment":[{"href":"https:\/\/burg.azurewebsites.net\/index.php?rest_route=%2Fwp%2Fv2%2Fmedia&parent=49414"}],"wp:term":[{"taxonomy":"category","embeddable":true,"href":"https:\/\/burg.azurewebsites.net\/index.php?rest_route=%2Fwp%2Fv2%2Fcategories&post=49414"},{"taxonomy":"post_tag","embeddable":true,"href":"https:\/\/burg.azurewebsites.net\/index.php?rest_route=%2Fwp%2Fv2%2Ftags&post=49414"}],"curies":[{"name":"wp","href":"https:\/\/api.w.org\/{rel}","templated":true}]}}