{"id":50485,"date":"2021-04-02T06:03:11","date_gmt":"2021-04-02T04:03:11","guid":{"rendered":"http:\/\/burg.azurewebsites.net\/?p=50485"},"modified":"2021-04-23T02:59:08","modified_gmt":"2021-04-23T00:59:08","slug":"il-y-a-727-ans-a-guebwiller","status":"publish","type":"post","link":"https:\/\/burg.azurewebsites.net\/?p=50485","title":{"rendered":"Il y a 727 ans, \u00e0 Guebwiller &#8230;"},"content":{"rendered":"<p>&nbsp;<\/p>\n<p style=\"text-align: center;\"><a href=\"http:\/\/burg.azurewebsites.net\/wp-content\/uploads\/2021\/04\/DSC06293.jpg\"><img loading=\"lazy\" class=\"aligncenter wp-image-50483 size-large\" src=\"http:\/\/burg.azurewebsites.net\/wp-content\/uploads\/2021\/04\/DSC06293-1024x576.jpg\" alt=\"\" width=\"680\" height=\"383\" srcset=\"https:\/\/burg.azurewebsites.net\/wp-content\/uploads\/2021\/04\/DSC06293-1024x576.jpg 1024w, https:\/\/burg.azurewebsites.net\/wp-content\/uploads\/2021\/04\/DSC06293-300x169.jpg 300w, https:\/\/burg.azurewebsites.net\/wp-content\/uploads\/2021\/04\/DSC06293-768x432.jpg 768w, https:\/\/burg.azurewebsites.net\/wp-content\/uploads\/2021\/04\/DSC06293.jpg 1422w\" sizes=\"(max-width: 680px) 100vw, 680px\" \/><\/a><\/p>\n<p>&nbsp;<\/p>\n<p style=\"text-align: center;\"><em>\u00ab Le mercredi suivant le saint dimanche des Rameaux,<\/em><\/p>\n<p style=\"text-align: center;\"><em>le r\u00e9v\u00e9rend seigneur Berthold, un comte de la lign\u00e9e des Falkenstein, abb\u00e9 et sup\u00e9rieur du chapitre de Murbach,<\/em><\/p>\n<p style=\"text-align: center;\"><em>ainsi que l&rsquo;honorable conseil au complet et la communaut\u00e9 de Guebwiller,<\/em><\/p>\n<p style=\"text-align: center;\"><em>accueillirent et admirent en ville les p\u00e8res dominicains.\u00a0\u00bb<\/em><\/p>\n<p style=\"text-align: center;\">Semaine Pascale 1294\u00a0: \u00a0\u00a0Installation des Dominicains \u00e0 Guebwiller<\/p>\n<p>&nbsp;<\/p>\n<p style=\"text-align: center;\"><a href=\"http:\/\/burg.azurewebsites.net\/wp-content\/uploads\/2021\/04\/DSC06289.jpg\"><img loading=\"lazy\" class=\"aligncenter wp-image-50482 size-large\" src=\"http:\/\/burg.azurewebsites.net\/wp-content\/uploads\/2021\/04\/DSC06289-1024x472.jpg\" alt=\"\" width=\"680\" height=\"313\" srcset=\"https:\/\/burg.azurewebsites.net\/wp-content\/uploads\/2021\/04\/DSC06289-1024x472.jpg 1024w, https:\/\/burg.azurewebsites.net\/wp-content\/uploads\/2021\/04\/DSC06289-300x138.jpg 300w, https:\/\/burg.azurewebsites.net\/wp-content\/uploads\/2021\/04\/DSC06289-768x354.jpg 768w, https:\/\/burg.azurewebsites.net\/wp-content\/uploads\/2021\/04\/DSC06289-1536x708.jpg 1536w, https:\/\/burg.azurewebsites.net\/wp-content\/uploads\/2021\/04\/DSC06289.jpg 1735w\" sizes=\"(max-width: 680px) 100vw, 680px\" \/><\/a><\/p>\n<p style=\"text-align: center;\">\n","protected":false},"excerpt":{"rendered":"<p>&nbsp; &nbsp; \u00ab Le mercredi suivant le saint dimanche des Rameaux, le r\u00e9v\u00e9rend seigneur Berthold, un comte de la lign\u00e9e des Falkenstein, abb\u00e9 et sup\u00e9rieur du chapitre de Murbach, ainsi que l&rsquo;honorable conseil au complet et la communaut\u00e9 de Guebwiller, accueillirent et admirent en ville les p\u00e8res dominicains.\u00a0\u00bb Semaine Pascale 1294\u00a0: \u00a0\u00a0Installation des Dominicains \u00e0&#8230; <\/p>\n<div class=\"read-more navbutton\"><a href=\"https:\/\/burg.azurewebsites.net\/?p=50485\">Lire la suite<i class=\"fa fa-angle-double-right\"><\/i><\/a><\/div>\n","protected":false},"author":11,"featured_media":0,"comment_status":"open","ping_status":"closed","sticky":false,"template":"","format":"image","meta":[],"categories":[251,221,231],"tags":[7931,8039],"_links":{"self":[{"href":"https:\/\/burg.azurewebsites.net\/index.php?rest_route=\/wp\/v2\/posts\/50485"}],"collection":[{"href":"https:\/\/burg.azurewebsites.net\/index.php?rest_route=\/wp\/v2\/posts"}],"about":[{"href":"https:\/\/burg.azurewebsites.net\/index.php?rest_route=\/wp\/v2\/types\/post"}],"author":[{"embeddable":true,"href":"https:\/\/burg.azurewebsites.net\/index.php?rest_route=\/wp\/v2\/users\/11"}],"replies":[{"embeddable":true,"href":"https:\/\/burg.azurewebsites.net\/index.php?rest_route=%2Fwp%2Fv2%2Fcomments&post=50485"}],"version-history":[{"count":7,"href":"https:\/\/burg.azurewebsites.net\/index.php?rest_route=\/wp\/v2\/posts\/50485\/revisions"}],"predecessor-version":[{"id":50652,"href":"https:\/\/burg.azurewebsites.net\/index.php?rest_route=\/wp\/v2\/posts\/50485\/revisions\/50652"}],"wp:attachment":[{"href":"https:\/\/burg.azurewebsites.net\/index.php?rest_route=%2Fwp%2Fv2%2Fmedia&parent=50485"}],"wp:term":[{"taxonomy":"category","embeddable":true,"href":"https:\/\/burg.azurewebsites.net\/index.php?rest_route=%2Fwp%2Fv2%2Fcategories&post=50485"},{"taxonomy":"post_tag","embeddable":true,"href":"https:\/\/burg.azurewebsites.net\/index.php?rest_route=%2Fwp%2Fv2%2Ftags&post=50485"}],"curies":[{"name":"wp","href":"https:\/\/api.w.org\/{rel}","templated":true}]}}