{"id":51143,"date":"2021-10-20T01:54:23","date_gmt":"2021-10-19T23:54:23","guid":{"rendered":"http:\/\/burg.azurewebsites.net\/?p=51143"},"modified":"2021-10-20T01:54:23","modified_gmt":"2021-10-19T23:54:23","slug":"a-bandera-corsa","status":"publish","type":"post","link":"https:\/\/burg.azurewebsites.net\/?p=51143","title":{"rendered":"A bandera Corsa"},"content":{"rendered":"<p style=\"text-align: center;\"><a href=\"http:\/\/burg.azurewebsites.net\/wp-content\/uploads\/2021\/10\/DSC05433.jpg\"><img loading=\"lazy\" class=\"aligncenter size-full wp-image-51144\" src=\"http:\/\/burg.azurewebsites.net\/wp-content\/uploads\/2021\/10\/DSC05433.jpg\" alt=\"\" width=\"534\" height=\"800\" srcset=\"https:\/\/burg.azurewebsites.net\/wp-content\/uploads\/2021\/10\/DSC05433.jpg 534w, https:\/\/burg.azurewebsites.net\/wp-content\/uploads\/2021\/10\/DSC05433-200x300.jpg 200w\" sizes=\"(max-width: 534px) 100vw, 534px\" \/><\/a><\/p>\n<p>&nbsp;<\/p>\n<p style=\"text-align: center;\">Peinture\u00a0<span style=\"word-spacing: normal;\">4 m X 5 m<\/span><span style=\"word-spacing: normal;\"> r\u00e9alis\u00e9e en 2019 par Mako Deuza<\/span><\/p>\n<p>&nbsp;<\/p>\n<p style=\"text-align: center;\"><a href=\"http:\/\/burg.azurewebsites.net\/wp-content\/uploads\/2021\/10\/DSC09013-2.jpg\"><img loading=\"lazy\" class=\"aligncenter size-full wp-image-51147\" src=\"http:\/\/burg.azurewebsites.net\/wp-content\/uploads\/2021\/10\/DSC09013-2.jpg\" alt=\"\" width=\"540\" height=\"800\" srcset=\"https:\/\/burg.azurewebsites.net\/wp-content\/uploads\/2021\/10\/DSC09013-2.jpg 540w, https:\/\/burg.azurewebsites.net\/wp-content\/uploads\/2021\/10\/DSC09013-2-203x300.jpg 203w\" sizes=\"(max-width: 540px) 100vw, 540px\" \/><\/a><\/p>\n<p style=\"text-align: center;\">\n<p>&nbsp;<\/p>\n<p style=\"text-align: center;\"><span style=\"word-spacing: normal;\">La bandera Corse port\u00e9e par une fem<\/span><span style=\"word-spacing: normal;\">me.<\/span><\/p>\n<p>&nbsp;<\/p>\n<p style=\"text-align: center;\"><a href=\"http:\/\/burg.azurewebsites.net\/wp-content\/uploads\/2021\/10\/DSC09017.jpg\"><img loading=\"lazy\" class=\"aligncenter size-full wp-image-51145\" src=\"http:\/\/burg.azurewebsites.net\/wp-content\/uploads\/2021\/10\/DSC09017.jpg\" alt=\"\" width=\"1280\" height=\"800\" srcset=\"https:\/\/burg.azurewebsites.net\/wp-content\/uploads\/2021\/10\/DSC09017.jpg 1280w, https:\/\/burg.azurewebsites.net\/wp-content\/uploads\/2021\/10\/DSC09017-300x188.jpg 300w, https:\/\/burg.azurewebsites.net\/wp-content\/uploads\/2021\/10\/DSC09017-1024x640.jpg 1024w, https:\/\/burg.azurewebsites.net\/wp-content\/uploads\/2021\/10\/DSC09017-768x480.jpg 768w\" sizes=\"(max-width: 1280px) 100vw, 1280px\" \/><\/a><\/p>\n<p>&nbsp;<\/p>\n<p style=\"text-align: center;\">Peinture visible au port Ornano \u00e0 Ajaccio<\/p>\n","protected":false},"excerpt":{"rendered":"<p>&nbsp; Peinture\u00a04 m X 5 m r\u00e9alis\u00e9e en 2019 par Mako Deuza &nbsp; &nbsp; La bandera Corse port\u00e9e par une femme. &nbsp; &nbsp; Peinture visible au port Ornano \u00e0 Ajaccio<\/p>\n","protected":false},"author":11,"featured_media":0,"comment_status":"open","ping_status":"closed","sticky":false,"template":"","format":"standard","meta":[],"categories":[251,221],"tags":[8118,4441,8117],"_links":{"self":[{"href":"https:\/\/burg.azurewebsites.net\/index.php?rest_route=\/wp\/v2\/posts\/51143"}],"collection":[{"href":"https:\/\/burg.azurewebsites.net\/index.php?rest_route=\/wp\/v2\/posts"}],"about":[{"href":"https:\/\/burg.azurewebsites.net\/index.php?rest_route=\/wp\/v2\/types\/post"}],"author":[{"embeddable":true,"href":"https:\/\/burg.azurewebsites.net\/index.php?rest_route=\/wp\/v2\/users\/11"}],"replies":[{"embeddable":true,"href":"https:\/\/burg.azurewebsites.net\/index.php?rest_route=%2Fwp%2Fv2%2Fcomments&post=51143"}],"version-history":[{"count":3,"href":"https:\/\/burg.azurewebsites.net\/index.php?rest_route=\/wp\/v2\/posts\/51143\/revisions"}],"predecessor-version":[{"id":51149,"href":"https:\/\/burg.azurewebsites.net\/index.php?rest_route=\/wp\/v2\/posts\/51143\/revisions\/51149"}],"wp:attachment":[{"href":"https:\/\/burg.azurewebsites.net\/index.php?rest_route=%2Fwp%2Fv2%2Fmedia&parent=51143"}],"wp:term":[{"taxonomy":"category","embeddable":true,"href":"https:\/\/burg.azurewebsites.net\/index.php?rest_route=%2Fwp%2Fv2%2Fcategories&post=51143"},{"taxonomy":"post_tag","embeddable":true,"href":"https:\/\/burg.azurewebsites.net\/index.php?rest_route=%2Fwp%2Fv2%2Ftags&post=51143"}],"curies":[{"name":"wp","href":"https:\/\/api.w.org\/{rel}","templated":true}]}}