{"id":51396,"date":"2022-06-17T01:28:14","date_gmt":"2022-06-16T23:28:14","guid":{"rendered":"http:\/\/burg.azurewebsites.net\/?p=51396"},"modified":"2022-06-17T01:49:50","modified_gmt":"2022-06-16T23:49:50","slug":"emmener-les-ptites-tetes-blondes","status":"publish","type":"post","link":"https:\/\/burg.azurewebsites.net\/?p=51396","title":{"rendered":"Emmener les p&rsquo;tites t\u00eates blondes &#8230;"},"content":{"rendered":"<p style=\"text-align: center;\"><a href=\"http:\/\/burg.azurewebsites.net\/wp-content\/uploads\/2022\/06\/DSC00658-Copie.jpg\"><img loading=\"lazy\" class=\"aligncenter size-full wp-image-51397\" src=\"http:\/\/burg.azurewebsites.net\/wp-content\/uploads\/2022\/06\/DSC00658-Copie.jpg\" alt=\"\" width=\"1218\" height=\"800\" srcset=\"https:\/\/burg.azurewebsites.net\/wp-content\/uploads\/2022\/06\/DSC00658-Copie.jpg 1218w, https:\/\/burg.azurewebsites.net\/wp-content\/uploads\/2022\/06\/DSC00658-Copie-300x197.jpg 300w, https:\/\/burg.azurewebsites.net\/wp-content\/uploads\/2022\/06\/DSC00658-Copie-1024x673.jpg 1024w, https:\/\/burg.azurewebsites.net\/wp-content\/uploads\/2022\/06\/DSC00658-Copie-768x504.jpg 768w\" sizes=\"(max-width: 1218px) 100vw, 1218px\" \/><\/a><\/p>\n<p style=\"text-align: center;\"><a href=\"https:\/\/www.fondationfrancoisschneider.org\/la-fondation\/\">au mus\u00e9e<\/a><\/p>\n<p style=\"text-align: center;\"><a href=\"http:\/\/burg.azurewebsites.net\/wp-content\/uploads\/2022\/06\/DSC00659-Copie.jpg\"><img loading=\"lazy\" class=\"aligncenter size-full wp-image-51398\" src=\"http:\/\/burg.azurewebsites.net\/wp-content\/uploads\/2022\/06\/DSC00659-Copie.jpg\" alt=\"\" width=\"1422\" height=\"800\" srcset=\"https:\/\/burg.azurewebsites.net\/wp-content\/uploads\/2022\/06\/DSC00659-Copie.jpg 1422w, https:\/\/burg.azurewebsites.net\/wp-content\/uploads\/2022\/06\/DSC00659-Copie-300x169.jpg 300w, https:\/\/burg.azurewebsites.net\/wp-content\/uploads\/2022\/06\/DSC00659-Copie-1024x576.jpg 1024w, https:\/\/burg.azurewebsites.net\/wp-content\/uploads\/2022\/06\/DSC00659-Copie-768x432.jpg 768w\" sizes=\"(max-width: 1422px) 100vw, 1422px\" \/><\/a><\/p>\n<p>&nbsp;<\/p>\n<p style=\"text-align: center;\"><strong>St\u00e9phane Thidet, Sans titre (Le refuge), 2007, bois, plafond de pluie, meubles, objets divers<\/strong><\/p>\n<p style=\"text-align: center;\">\u00ab\u00a0Une cabane en bois, meubl\u00e9e succinctement. Un abri dans lequel il pleut sans cesse\u2026\u00e0 l\u2019int\u00e9rieur.<br \/>\nAinsi le mot refuge perd tout son sens.<\/p>\n<p style=\"text-align: center;\">Question de temps ou de contre-temps, de point de vue, de d\u00e9p\u00e9rissement, d\u2019inqui\u00e9tude.<\/p>\n<p style=\"text-align: center;\">Le monde de St\u00e9phane Thidet, souvent li\u00e9 \u00e0 l\u2019enfance ou au divertissement, place le spectateur dans un \u00e9tat de g\u00e8ne et d\u2019incertitude.<\/p>\n<p style=\"text-align: center;\">C\u2019est un refuge qui se refuse \u00e0 nous puisque la seule solution pour y entrer serait d\u2019accepter d\u2019\u00eatre enti\u00e8rement tremp\u00e9,<\/p>\n<p style=\"text-align: center;\">de s\u2019installer au sein de ce d\u00e9luge pour en profiter.<\/p>\n<p style=\"text-align: center;\">Le refuge se trouve alors enti\u00e8rement d\u00e9tourn\u00e9 de sa fonction premi\u00e8re, celle d\u2019abriter,<br \/>\nen oscillant entre hostilit\u00e9 et fascination parce que l\u2019on a tr\u00e8s envie d\u2019y entrer, malgr\u00e9 son caract\u00e8re peu accueillant.<\/p>\n<p style=\"text-align: center;\">L\u2019\u0153uvre joue sur les sensations, le bruit de la pluie diluvienne qui s\u2019\u00e9coule,<\/p>\n<p style=\"text-align: center;\">l\u2019humidit\u00e9 fra\u00eeche sur notre peau au fur et \u00e0 mesure que l\u2019on s\u2019approche de l\u2019entr\u00e9e, des fen\u00eatres.<\/p>\n<p style=\"text-align: center;\">Une forme de r\u00e9alit\u00e9 tr\u00e8s proche s\u2019entrem\u00eale \u00e0 une m\u00e9taphore quasi surr\u00e9aliste de la \u00ab maison qui pleure \u00bb<\/p>\n<p style=\"text-align: center;\">parce que nous avons tous cette volont\u00e9 d\u2019\u00eatre abrit\u00e9, par la maison de famille, par un cocon que l\u2019on aimerait avoir ou que l\u2019on arrive \u00e0 avoir,<\/p>\n<p style=\"text-align: center;\">que l\u2019on perd mais que l\u2019on r\u00eave de retrouver, que l\u2019on pleure de chagrin\u00a0\u00bb<\/p>\n","protected":false},"excerpt":{"rendered":"<p>au mus\u00e9e &nbsp; St\u00e9phane Thidet, Sans titre (Le refuge), 2007, bois, plafond de pluie, meubles, objets divers \u00ab\u00a0Une cabane en bois, meubl\u00e9e succinctement. Un abri dans lequel il pleut sans cesse\u2026\u00e0 l\u2019int\u00e9rieur. Ainsi le mot refuge perd tout son sens. Question de temps ou de contre-temps, de point de vue, de d\u00e9p\u00e9rissement, d\u2019inqui\u00e9tude. Le monde&#8230; <\/p>\n<div class=\"read-more navbutton\"><a href=\"https:\/\/burg.azurewebsites.net\/?p=51396\">Lire la suite<i class=\"fa fa-angle-double-right\"><\/i><\/a><\/div>\n","protected":false},"author":11,"featured_media":0,"comment_status":"open","ping_status":"closed","sticky":false,"template":"","format":"standard","meta":[],"categories":[251,221],"tags":[7656],"_links":{"self":[{"href":"https:\/\/burg.azurewebsites.net\/index.php?rest_route=\/wp\/v2\/posts\/51396"}],"collection":[{"href":"https:\/\/burg.azurewebsites.net\/index.php?rest_route=\/wp\/v2\/posts"}],"about":[{"href":"https:\/\/burg.azurewebsites.net\/index.php?rest_route=\/wp\/v2\/types\/post"}],"author":[{"embeddable":true,"href":"https:\/\/burg.azurewebsites.net\/index.php?rest_route=\/wp\/v2\/users\/11"}],"replies":[{"embeddable":true,"href":"https:\/\/burg.azurewebsites.net\/index.php?rest_route=%2Fwp%2Fv2%2Fcomments&post=51396"}],"version-history":[{"count":4,"href":"https:\/\/burg.azurewebsites.net\/index.php?rest_route=\/wp\/v2\/posts\/51396\/revisions"}],"predecessor-version":[{"id":51402,"href":"https:\/\/burg.azurewebsites.net\/index.php?rest_route=\/wp\/v2\/posts\/51396\/revisions\/51402"}],"wp:attachment":[{"href":"https:\/\/burg.azurewebsites.net\/index.php?rest_route=%2Fwp%2Fv2%2Fmedia&parent=51396"}],"wp:term":[{"taxonomy":"category","embeddable":true,"href":"https:\/\/burg.azurewebsites.net\/index.php?rest_route=%2Fwp%2Fv2%2Fcategories&post=51396"},{"taxonomy":"post_tag","embeddable":true,"href":"https:\/\/burg.azurewebsites.net\/index.php?rest_route=%2Fwp%2Fv2%2Ftags&post=51396"}],"curies":[{"name":"wp","href":"https:\/\/api.w.org\/{rel}","templated":true}]}}