{"id":8801,"date":"2014-11-13T17:49:28","date_gmt":"2014-11-13T15:49:28","guid":{"rendered":"http:\/\/burg.azurewebsites.net\/?p=8801"},"modified":"2014-11-14T17:05:23","modified_gmt":"2014-11-14T15:05:23","slug":"fete-de-la-st-martin","status":"publish","type":"post","link":"https:\/\/burg.azurewebsites.net\/?p=8801","title":{"rendered":"F\u00eate de la St Martin"},"content":{"rendered":"<p style=\"text-align: center;\"><a href=\"http:\/\/burg.azurewebsites.net\/wp-content\/uploads\/2014\/11\/DSC00458-Noah-et-sa-lanterne.jpg\" target=\"_blank\"><img loading=\"lazy\" class=\"aligncenter wp-image-8821 size-full\" src=\"http:\/\/burg.azurewebsites.net\/wp-content\/uploads\/2014\/11\/DSC00458-Noah-et-sa-lanterne.jpg\" alt=\"DSC00458 Noah et sa lanterne\" width=\"389\" height=\"750\" srcset=\"https:\/\/burg.azurewebsites.net\/wp-content\/uploads\/2014\/11\/DSC00458-Noah-et-sa-lanterne.jpg 389w, https:\/\/burg.azurewebsites.net\/wp-content\/uploads\/2014\/11\/DSC00458-Noah-et-sa-lanterne-155x300.jpg 155w\" sizes=\"(max-width: 389px) 100vw, 389px\" \/><\/a><\/p>\n<p style=\"text-align: center;\"><a href=\"http:\/\/www.myvideo.de\/watch\/671593\/Ich_geh_mit_meiner_Laterne_Laternelied\" target=\"_blank\">Ich geh mit meiner Laterne<\/a><br \/>\nUnd meine Laterne mit mir.<br \/>\nDort oben leuchten die Sterne<br \/>\nHier unten da leuchten wir.<br \/>\nMein Licht ist aus,<br \/>\nIch geh nach Haus,<br \/>\nLabimmel, Labammel, Labum (bum bum)<\/p>\n<p style=\"text-align: center;\"><a href=\"http:\/\/burg.azurewebsites.net\/wp-content\/uploads\/2014\/11\/DSC00500-la-lanterne-hibou.jpg\" target=\"_blank\"><img loading=\"lazy\" class=\"aligncenter wp-image-8831 size-full\" src=\"http:\/\/burg.azurewebsites.net\/wp-content\/uploads\/2014\/11\/DSC00500-la-lanterne-hibou.jpg\" alt=\"DSC00500 la lanterne hibou\" width=\"1000\" height=\"749\" srcset=\"https:\/\/burg.azurewebsites.net\/wp-content\/uploads\/2014\/11\/DSC00500-la-lanterne-hibou.jpg 1000w, https:\/\/burg.azurewebsites.net\/wp-content\/uploads\/2014\/11\/DSC00500-la-lanterne-hibou-300x224.jpg 300w\" sizes=\"(max-width: 1000px) 100vw, 1000px\" \/><\/a><\/p>\n<p style=\"text-align: center;\">Selon la l\u00e9gende, en l&rsquo;an 337 Saint Martin de Tours rencontre aux portes d&rsquo;Amiens\u00a0un mendiant mourant de froid.<\/p>\n<p style=\"text-align: center;\">Martin coupe sa cape en deux,\u00a0en offre une moiti\u00e9 au mendiant.<\/p>\n<p style=\"text-align: center;\"><a href=\"http:\/\/burg.azurewebsites.net\/wp-content\/uploads\/2014\/11\/DSC00502-quatre-pieds-deux-lanternes.jpg\" target=\"_blank\"><img loading=\"lazy\" class=\"aligncenter wp-image-8841 size-full\" src=\"http:\/\/burg.azurewebsites.net\/wp-content\/uploads\/2014\/11\/DSC00502-quatre-pieds-deux-lanternes.jpg\" alt=\"DSC00502 quatre pieds, deux lanternes\" width=\"1000\" height=\"666\" srcset=\"https:\/\/burg.azurewebsites.net\/wp-content\/uploads\/2014\/11\/DSC00502-quatre-pieds-deux-lanternes.jpg 1000w, https:\/\/burg.azurewebsites.net\/wp-content\/uploads\/2014\/11\/DSC00502-quatre-pieds-deux-lanternes-300x199.jpg 300w\" sizes=\"(max-width: 1000px) 100vw, 1000px\" \/><\/a><\/p>\n<p style=\"text-align: center;\">En dehors de toute consid\u00e9ration religieuse, c&rsquo;est la g\u00e9n\u00e9rosit\u00e9 de\u00a0Martin et la valeur du\u00a0partage que comm\u00e9morent chaque 11 novembre les enfants d&rsquo;Allemagne, d&rsquo;Autriche et de Suisse avec leurs d\u00e9fil\u00e9s\u00a0des lanternes,\u00a0lanternes en g\u00e9n\u00e9ral fabriqu\u00e9es \u00e0 la maison ou \u00e0 l&rsquo;\u00e9cole par les enfants eux m\u00eames.<\/p>\n<p style=\"text-align: center;\"><a href=\"http:\/\/burg.azurewebsites.net\/wp-content\/uploads\/2014\/11\/DSC00514-St-Martin-Freiburg.jpg\" target=\"_blank\"><img loading=\"lazy\" class=\"aligncenter wp-image-8861 size-full\" src=\"http:\/\/burg.azurewebsites.net\/wp-content\/uploads\/2014\/11\/DSC00514-St-Martin-Freiburg.jpg\" alt=\"DSC00514 St Martin - Freiburg\" width=\"1000\" height=\"562\" srcset=\"https:\/\/burg.azurewebsites.net\/wp-content\/uploads\/2014\/11\/DSC00514-St-Martin-Freiburg.jpg 1000w, https:\/\/burg.azurewebsites.net\/wp-content\/uploads\/2014\/11\/DSC00514-St-Martin-Freiburg-300x168.jpg 300w\" sizes=\"(max-width: 1000px) 100vw, 1000px\" \/><\/a><br \/>\nApr\u00e8s le d\u00e9fil\u00e9, petits et grands se r\u00e9chauffent en buvant une boisson chaude et en mangeant des brioches (Weckm\u00e4nner) !<\/p>\n<p style=\"text-align: center;\"><a href=\"http:\/\/burg.azurewebsites.net\/wp-content\/uploads\/2014\/11\/DSC00533-ich-geh-mit-meiner-laterne-Noah-chantant.jpg\" target=\"_blank\"><img loading=\"lazy\" class=\"aligncenter wp-image-8871 size-full\" src=\"http:\/\/burg.azurewebsites.net\/wp-content\/uploads\/2014\/11\/DSC00533-ich-geh-mit-meiner-laterne-Noah-chantant.jpg\" alt=\"DSC00533 ich geh mit meiner laterne - Noah chantant\" width=\"1000\" height=\"726\" srcset=\"https:\/\/burg.azurewebsites.net\/wp-content\/uploads\/2014\/11\/DSC00533-ich-geh-mit-meiner-laterne-Noah-chantant.jpg 1000w, https:\/\/burg.azurewebsites.net\/wp-content\/uploads\/2014\/11\/DSC00533-ich-geh-mit-meiner-laterne-Noah-chantant-300x217.jpg 300w\" sizes=\"(max-width: 1000px) 100vw, 1000px\" \/><\/a><br \/>\n<a href=\"http:\/\/www.myvideo.de\/watch\/671593\/Ich_geh_mit_meiner_Laterne_Laternelied\" target=\"_blank\">Ich geh mit meiner Laterne, Laternelied.<\/a><\/p>\n<p style=\"text-align: center;\"><a href=\"http:\/\/burg.azurewebsites.net\/wp-content\/uploads\/2014\/11\/DSC00542-lanterne-Noah-et-papy.jpg\" target=\"_blank\"><img loading=\"lazy\" class=\"aligncenter wp-image-8891 size-full\" src=\"http:\/\/burg.azurewebsites.net\/wp-content\/uploads\/2014\/11\/DSC00542-lanterne-Noah-et-papy.jpg\" alt=\"DSC00542 lanterne, Noah et papy\" width=\"1000\" height=\"749\" srcset=\"https:\/\/burg.azurewebsites.net\/wp-content\/uploads\/2014\/11\/DSC00542-lanterne-Noah-et-papy.jpg 1000w, https:\/\/burg.azurewebsites.net\/wp-content\/uploads\/2014\/11\/DSC00542-lanterne-Noah-et-papy-300x224.jpg 300w\" sizes=\"(max-width: 1000px) 100vw, 1000px\" \/><\/a><\/p>\n<p style=\"text-align: center;\">Et\u00a0cerise sur le g\u00e2teau,\u00a0papy raconte l&rsquo;histoire de St Martin.<\/p>\n<p style=\"text-align: center;\">(Album NSV : Sankt Martin und der kleine B\u00e4r)<\/p>\n<p style=\"text-align: center;\"><a href=\"http:\/\/burg.azurewebsites.net\/wp-content\/uploads\/2014\/11\/DSC00586.lhistoire-de-st-martinJPG.jpg\" target=\"_blank\"><img loading=\"lazy\" class=\"aligncenter wp-image-8901 size-full\" src=\"http:\/\/burg.azurewebsites.net\/wp-content\/uploads\/2014\/11\/DSC00586.lhistoire-de-st-martinJPG.jpg\" alt=\"DSC00586.l'histoire de st martinJPG\" width=\"750\" height=\"750\" srcset=\"https:\/\/burg.azurewebsites.net\/wp-content\/uploads\/2014\/11\/DSC00586.lhistoire-de-st-martinJPG.jpg 750w, https:\/\/burg.azurewebsites.net\/wp-content\/uploads\/2014\/11\/DSC00586.lhistoire-de-st-martinJPG-150x150.jpg 150w, https:\/\/burg.azurewebsites.net\/wp-content\/uploads\/2014\/11\/DSC00586.lhistoire-de-st-martinJPG-300x300.jpg 300w\" sizes=\"(max-width: 750px) 100vw, 750px\" \/><\/a><\/p>\n<p style=\"text-align: center;\">\n","protected":false},"excerpt":{"rendered":"<p>Ich geh mit meiner Laterne Und meine Laterne mit mir. Dort oben leuchten die Sterne Hier unten da leuchten wir. Mein Licht ist aus, Ich geh nach Haus, Labimmel, Labammel, Labum (bum bum) Selon la l\u00e9gende, en l&rsquo;an 337 Saint Martin de Tours rencontre aux portes d&rsquo;Amiens\u00a0un mendiant mourant de froid. Martin coupe sa cape&#8230; <\/p>\n<div class=\"read-more navbutton\"><a href=\"https:\/\/burg.azurewebsites.net\/?p=8801\">Lire la suite<i class=\"fa fa-angle-double-right\"><\/i><\/a><\/div>\n","protected":false},"author":11,"featured_media":0,"comment_status":"open","ping_status":"closed","sticky":false,"template":"","format":"image","meta":[],"categories":[221,1],"tags":[2011,2001,2021,2031,2041,1991],"_links":{"self":[{"href":"https:\/\/burg.azurewebsites.net\/index.php?rest_route=\/wp\/v2\/posts\/8801"}],"collection":[{"href":"https:\/\/burg.azurewebsites.net\/index.php?rest_route=\/wp\/v2\/posts"}],"about":[{"href":"https:\/\/burg.azurewebsites.net\/index.php?rest_route=\/wp\/v2\/types\/post"}],"author":[{"embeddable":true,"href":"https:\/\/burg.azurewebsites.net\/index.php?rest_route=\/wp\/v2\/users\/11"}],"replies":[{"embeddable":true,"href":"https:\/\/burg.azurewebsites.net\/index.php?rest_route=%2Fwp%2Fv2%2Fcomments&post=8801"}],"version-history":[{"count":6,"href":"https:\/\/burg.azurewebsites.net\/index.php?rest_route=\/wp\/v2\/posts\/8801\/revisions"}],"predecessor-version":[{"id":9071,"href":"https:\/\/burg.azurewebsites.net\/index.php?rest_route=\/wp\/v2\/posts\/8801\/revisions\/9071"}],"wp:attachment":[{"href":"https:\/\/burg.azurewebsites.net\/index.php?rest_route=%2Fwp%2Fv2%2Fmedia&parent=8801"}],"wp:term":[{"taxonomy":"category","embeddable":true,"href":"https:\/\/burg.azurewebsites.net\/index.php?rest_route=%2Fwp%2Fv2%2Fcategories&post=8801"},{"taxonomy":"post_tag","embeddable":true,"href":"https:\/\/burg.azurewebsites.net\/index.php?rest_route=%2Fwp%2Fv2%2Ftags&post=8801"}],"curies":[{"name":"wp","href":"https:\/\/api.w.org\/{rel}","templated":true}]}}