{"id":9231,"date":"2014-11-18T03:54:18","date_gmt":"2014-11-18T01:54:18","guid":{"rendered":"http:\/\/burg.azurewebsites.net\/?p=9231"},"modified":"2014-11-20T13:01:24","modified_gmt":"2014-11-20T11:01:24","slug":"une-vieille-dame-agee-dun-millenaire","status":"publish","type":"post","link":"https:\/\/burg.azurewebsites.net\/?p=9231","title":{"rendered":"Une vieille dame \u00e2g\u00e9e d&rsquo;un mill\u00e9naire&#8230;"},"content":{"rendered":"<p style=\"text-align: center;\">Ne vous fiez pas aux apparences &#8230;<\/p>\n<p style=\"text-align: center;\">La cath\u00e9drale de Strasbourg n&rsquo;est pas la tour de Pise.<\/p>\n<p style=\"text-align: center;\">Cette grande dame\u00a0se tient toujours\u00a0bien droite sur ses fondations dont on f\u00eatera le mill\u00e9naire l&rsquo;an prochain.<\/p>\n<p style=\"text-align: center;\"><a href=\"http:\/\/burg.azurewebsites.net\/wp-content\/uploads\/2014\/11\/DSC00272.cathedrale-strasbourgJPG.jpg\" target=\"_blank\"><img loading=\"lazy\" class=\"aligncenter wp-image-9341 size-full\" src=\"http:\/\/burg.azurewebsites.net\/wp-content\/uploads\/2014\/11\/DSC00272.cathedrale-strasbourgJPG.jpg\" alt=\"DSC00272.cathedrale strasbourgJPG\" width=\"448\" height=\"700\" srcset=\"https:\/\/burg.azurewebsites.net\/wp-content\/uploads\/2014\/11\/DSC00272.cathedrale-strasbourgJPG.jpg 448w, https:\/\/burg.azurewebsites.net\/wp-content\/uploads\/2014\/11\/DSC00272.cathedrale-strasbourgJPG-192x300.jpg 192w\" sizes=\"(max-width: 448px) 100vw, 448px\" \/><\/a><\/p>\n<p style=\"text-align: center;\">En dehors des\u00a0offices, la crypte est ferm\u00e9e \u00e0 clef.<\/p>\n<p style=\"text-align: center;\">J&rsquo;ai fait\u00a0des mains et des pieds pour obtenir la \u00ab\u00a0faveur\u00a0\u00bb d&rsquo;acc\u00e9der un tout court instant\u00a0\u00e0 ces entrailles.<\/p>\n<p style=\"text-align: center;\">\u00a0Finalement j&rsquo;ai\u00a0pu y descendre, mais accompagn\u00e9e;<\/p>\n<p style=\"text-align: center;\">Ils avaient peur que je leur pique quoi ?<\/p>\n<p style=\"text-align: center;\">une chaise, un chapiteau, la Bible, le vieux micro ???<\/p>\n<p style=\"text-align: center;\">\u00a0Sous l&rsquo;\u0153il omnipr\u00e9sent du cerb\u00e8re,<\/p>\n<p style=\"text-align: center;\">j&rsquo;ai juste eu\u00a0le temps de prendre les quelques photos que voici.<\/p>\n<p style=\"text-align: center;\">Pas question d&rsquo;avoir l&rsquo;autorisation de m&rsquo;assoir cinq minutes&#8230;<\/p>\n<p style=\"text-align: center;\"><a href=\"http:\/\/burg.azurewebsites.net\/wp-content\/uploads\/2014\/11\/DSC00219-pierre-de-taille-cathedrale-Strasbourg.jpg\" target=\"_blank\"><img loading=\"lazy\" class=\"aligncenter wp-image-9291 size-full\" src=\"http:\/\/burg.azurewebsites.net\/wp-content\/uploads\/2014\/11\/DSC00219-pierre-de-taille-cathedrale-Strasbourg.jpg\" alt=\"DSC00219 pierre de taille - cathedrale Strasbourg\" width=\"783\" height=\"750\" srcset=\"https:\/\/burg.azurewebsites.net\/wp-content\/uploads\/2014\/11\/DSC00219-pierre-de-taille-cathedrale-Strasbourg.jpg 783w, https:\/\/burg.azurewebsites.net\/wp-content\/uploads\/2014\/11\/DSC00219-pierre-de-taille-cathedrale-Strasbourg-300x287.jpg 300w\" sizes=\"(max-width: 783px) 100vw, 783px\" \/><\/a><\/p>\n<p style=\"text-align: center;\">C&rsquo;est dans\u00a0cette crypte que se trouvent quelques\u00a0superbes pierres de taille de la premi\u00e8re cath\u00e9drale.<\/p>\n<p style=\"text-align: center;\"><a href=\"http:\/\/burg.azurewebsites.net\/wp-content\/uploads\/2014\/11\/DSC00221-Pierre-de-taille-crypte-cathedrale-Strasbourg.jpg\" target=\"_blank\"><img loading=\"lazy\" class=\"aligncenter wp-image-9301 size-full\" src=\"http:\/\/burg.azurewebsites.net\/wp-content\/uploads\/2014\/11\/DSC00221-Pierre-de-taille-crypte-cathedrale-Strasbourg.jpg\" alt=\"DSC00221 Pierre de taille - crypte cathedrale Strasbourg\" width=\"1000\" height=\"666\" srcset=\"https:\/\/burg.azurewebsites.net\/wp-content\/uploads\/2014\/11\/DSC00221-Pierre-de-taille-crypte-cathedrale-Strasbourg.jpg 1000w, https:\/\/burg.azurewebsites.net\/wp-content\/uploads\/2014\/11\/DSC00221-Pierre-de-taille-crypte-cathedrale-Strasbourg-300x199.jpg 300w\" sizes=\"(max-width: 1000px) 100vw, 1000px\" \/><\/a><\/p>\n<p style=\"text-align: center;\">C&rsquo;est\u00a0l\u00e0 aussi, \u00e0 l&rsquo;ombre de ces solides piliers,\u00a0que mon mari et moi nous nous sommes mari\u00e9s\u00a0il y aura bient\u00f4t\u00a040 ans de cela.<\/p>\n<p style=\"text-align: center;\">Surprise : Rang\u00e9s de c\u00f4t\u00e9, les prie-Dieu de notre mariage&#8230;Joli petit clin d&rsquo;\u0153il.<\/p>\n<p style=\"text-align: center;\">Ils n&rsquo;ont pas\u00a0chang\u00e9 d&rsquo;un pouce, eux, \u00a0pas\u00a0pris une ride; pas comme\u00a0nous deux.<\/p>\n<p style=\"text-align: center;\"><a href=\"http:\/\/burg.azurewebsites.net\/wp-content\/uploads\/2014\/11\/DSC00232.-prie-Dieu-mariage-cathedraleJPG.jpg\" target=\"_blank\"><img loading=\"lazy\" class=\"aligncenter wp-image-9321 size-full\" src=\"http:\/\/burg.azurewebsites.net\/wp-content\/uploads\/2014\/11\/DSC00232.-prie-Dieu-mariage-cathedraleJPG.jpg\" alt=\"DSC00232. prie-Dieu mariage cathedraleJPG\" width=\"1000\" height=\"667\" srcset=\"https:\/\/burg.azurewebsites.net\/wp-content\/uploads\/2014\/11\/DSC00232.-prie-Dieu-mariage-cathedraleJPG.jpg 1000w, https:\/\/burg.azurewebsites.net\/wp-content\/uploads\/2014\/11\/DSC00232.-prie-Dieu-mariage-cathedraleJPG-300x200.jpg 300w\" sizes=\"(max-width: 1000px) 100vw, 1000px\" \/><\/a><\/p>\n<p style=\"text-align: center;\">Mais\u00a0\u00f4 combien\u00a0tout le reste\u00a0a chang\u00e9 dans ce magnifique \u00e9difice.<\/p>\n<p style=\"text-align: center;\">Partout des rubans-barri\u00e8res interdisant l&rsquo;acc\u00e8s aux chaises en dehors des offices&#8230;<\/p>\n<p style=\"text-align: center;\">et la crypte ferm\u00e9e \u00e0 clef\u00a0!<\/p>\n<p style=\"text-align: center;\">On\u00a0fait tellement de bruit autour de ce mill\u00e9naire &#8230;<\/p>\n<p style=\"text-align: center;\">J&rsquo;esp\u00e9rais trouver\u00a0une \u00e9glise ouverte, lieu de silence, de recueillement et de pri\u00e8re;<\/p>\n<p style=\"text-align: center;\">ce ne fut pas le cas.<\/p>\n<p style=\"text-align: center;\">MAIS,<\/p>\n<p style=\"text-align: center;\">\u00e0 l&rsquo;int\u00e9rieur m\u00eame de la cath\u00e9drale,<\/p>\n<p style=\"text-align: center;\">trois points de vente d&rsquo;objets de pacotille<\/p>\n<p style=\"text-align: center;\">(euh pardon &#8230;objets souvenirs ou religieux)&#8230;<\/\n<\/p>\n","protected":false},"excerpt":{"rendered":"<p>Ne vous fiez pas aux apparences &#8230; La cath\u00e9drale de Strasbourg n&rsquo;est pas la tour de Pise. Cette grande dame\u00a0se tient toujours\u00a0bien droite sur ses fondations dont on f\u00eatera le mill\u00e9naire l&rsquo;an prochain. En dehors des\u00a0offices, la crypte est ferm\u00e9e \u00e0 clef. J&rsquo;ai fait\u00a0des mains et des pieds pour obtenir la \u00ab\u00a0faveur\u00a0\u00bb d&rsquo;acc\u00e9der un tout&#8230; <\/p>\n<div class=\"read-more navbutton\"><a href=\"https:\/\/burg.azurewebsites.net\/?p=9231\">Lire la suite<i class=\"fa fa-angle-double-right\"><\/i><\/a><\/div>\n","protected":false},"author":11,"featured_media":0,"comment_status":"open","ping_status":"closed","sticky":false,"template":"","format":"image","meta":[],"categories":[251],"tags":[2121,2131,2141],"_links":{"self":[{"href":"https:\/\/burg.azurewebsites.net\/index.php?rest_route=\/wp\/v2\/posts\/9231"}],"collection":[{"href":"https:\/\/burg.azurewebsites.net\/index.php?rest_route=\/wp\/v2\/posts"}],"about":[{"href":"https:\/\/burg.azurewebsites.net\/index.php?rest_route=\/wp\/v2\/types\/post"}],"author":[{"embeddable":true,"href":"https:\/\/burg.azurewebsites.net\/index.php?rest_route=\/wp\/v2\/users\/11"}],"replies":[{"embeddable":true,"href":"https:\/\/burg.azurewebsites.net\/index.php?rest_route=%2Fwp%2Fv2%2Fcomments&post=9231"}],"version-history":[{"count":9,"href":"https:\/\/burg.azurewebsites.net\/index.php?rest_route=\/wp\/v2\/posts\/9231\/revisions"}],"predecessor-version":[{"id":9421,"href":"https:\/\/burg.azurewebsites.net\/index.php?rest_route=\/wp\/v2\/posts\/9231\/revisions\/9421"}],"wp:attachment":[{"href":"https:\/\/burg.azurewebsites.net\/index.php?rest_route=%2Fwp%2Fv2%2Fmedia&parent=9231"}],"wp:term":[{"taxonomy":"category","embeddable":true,"href":"https:\/\/burg.azurewebsites.net\/index.php?rest_route=%2Fwp%2Fv2%2Fcategories&post=9231"},{"taxonomy":"post_tag","embeddable":true,"href":"https:\/\/burg.azurewebsites.net\/index.php?rest_route=%2Fwp%2Fv2%2Ftags&post=9231"}],"curies":[{"name":"wp","href":"https:\/\/api.w.org\/{rel}","templated":true}]}}