{"id":7724,"count":1,"description":"","link":"https:\/\/burg.azurewebsites.net\/?tag=bale-marche-de-noel","name":"B\u00e2le - March\u00e9 de No\u00ebl","slug":"bale-marche-de-noel","taxonomy":"post_tag","meta":[],"_links":{"self":[{"href":"https:\/\/burg.azurewebsites.net\/index.php?rest_route=\/wp\/v2\/tags\/7724"}],"collection":[{"href":"https:\/\/burg.azurewebsites.net\/index.php?rest_route=\/wp\/v2\/tags"}],"about":[{"href":"https:\/\/burg.azurewebsites.net\/index.php?rest_route=\/wp\/v2\/taxonomies\/post_tag"}],"wp:post_type":[{"href":"https:\/\/burg.azurewebsites.net\/index.php?rest_route=%2Fwp%2Fv2%2Fposts&tags=7724"}],"curies":[{"name":"wp","href":"https:\/\/api.w.org\/{rel}","templated":true}]}}