{"id":8022,"count":1,"description":"","link":"https:\/\/burg.azurewebsites.net\/?tag=verriere-jardin-dhiver-xix-eme-siecle","name":"Verri\u00e8re - Jardin d'hiver - XIX -\u00e8me si\u00e8cle","slug":"verriere-jardin-dhiver-xix-eme-siecle","taxonomy":"post_tag","meta":[],"_links":{"self":[{"href":"https:\/\/burg.azurewebsites.net\/index.php?rest_route=\/wp\/v2\/tags\/8022"}],"collection":[{"href":"https:\/\/burg.azurewebsites.net\/index.php?rest_route=\/wp\/v2\/tags"}],"about":[{"href":"https:\/\/burg.azurewebsites.net\/index.php?rest_route=\/wp\/v2\/taxonomies\/post_tag"}],"wp:post_type":[{"href":"https:\/\/burg.azurewebsites.net\/index.php?rest_route=%2Fwp%2Fv2%2Fposts&tags=8022"}],"curies":[{"name":"wp","href":"https:\/\/api.w.org\/{rel}","templated":true}]}}